{"id":898,"date":"2025-07-12T18:49:39","date_gmt":"2025-07-13T01:49:39","guid":{"rendered":"https:\/\/guaymas.gob.mx\/boletin\/?p=898"},"modified":"2025-08-04T18:54:57","modified_gmt":"2025-08-05T01:54:57","slug":"encabeza-doctora-karla-cordova-gonzalez-encuentro-con-alcaldesas-y-alcaldes","status":"publish","type":"post","link":"https:\/\/guaymas.gob.mx\/boletin\/2025\/07\/encabeza-doctora-karla-cordova-gonzalez-encuentro-con-alcaldesas-y-alcaldes\/","title":{"rendered":"Encabeza doctora Karla C\u00f3rdova Gonz\u00e1lez encuentro con alcaldesas y alcaldes"},"content":{"rendered":"\n<p>En un espacio para el intercambio de ideas, experiencias y compromisos en torno a la salud y los derechos de las mujeres, esta tarde el Ayuntamiento de Guaymas llev\u00f3 a cabo un encuentro con alcaldesas y alcaldes de Sonora.<\/p>\n\n\n<div class=\"wp-block-image\">\n<figure class=\"aligncenter size-large\"><img loading=\"lazy\" decoding=\"async\" width=\"1024\" height=\"576\" src=\"https:\/\/guaymas.gob.mx\/boletin\/wp-content\/uploads\/2025\/08\/2-4-1024x576.jpg\" alt=\"\" class=\"wp-image-900\" srcset=\"https:\/\/guaymas.gob.mx\/boletin\/wp-content\/uploads\/2025\/08\/2-4-1024x576.jpg 1024w, https:\/\/guaymas.gob.mx\/boletin\/wp-content\/uploads\/2025\/08\/2-4-300x169.jpg 300w, https:\/\/guaymas.gob.mx\/boletin\/wp-content\/uploads\/2025\/08\/2-4-768x432.jpg 768w, https:\/\/guaymas.gob.mx\/boletin\/wp-content\/uploads\/2025\/08\/2-4.jpg 1536w\" sizes=\"auto, (max-width: 1024px) 100vw, 1024px\" \/><\/figure>\n<\/div>\n\n\n<p>Encabezando esta reuni\u00f3n, doctora Karla C\u00f3rdova Gonz\u00e1lez, quien tambi\u00e9n es presidenta de la Red Sonorense de Municipios por la Salud destac\u00f3 la importancia de trabajar de manera coordinada entre los municipios para impulsar pol\u00edticas p\u00fablicas que garanticen el acceso a la salud y promuevan los derechos de las mujeres.<\/p>\n\n\n<div class=\"wp-block-image\">\n<figure class=\"aligncenter size-large\"><img loading=\"lazy\" decoding=\"async\" width=\"1024\" height=\"576\" src=\"https:\/\/guaymas.gob.mx\/boletin\/wp-content\/uploads\/2025\/08\/4-2-1024x576.jpg\" alt=\"\" class=\"wp-image-901\" srcset=\"https:\/\/guaymas.gob.mx\/boletin\/wp-content\/uploads\/2025\/08\/4-2-1024x576.jpg 1024w, https:\/\/guaymas.gob.mx\/boletin\/wp-content\/uploads\/2025\/08\/4-2-300x169.jpg 300w, https:\/\/guaymas.gob.mx\/boletin\/wp-content\/uploads\/2025\/08\/4-2-768x432.jpg 768w, https:\/\/guaymas.gob.mx\/boletin\/wp-content\/uploads\/2025\/08\/4-2.jpg 1536w\" sizes=\"auto, (max-width: 1024px) 100vw, 1024px\" \/><\/figure>\n<\/div>\n\n\n<p>Por su parte, Jorge Laureano Eugenio, subsecretario de Servicios de Salud Colectiva, subray\u00f3 la necesidad de fortalecer los programas de atenci\u00f3n y salud preventiva con enfoque de g\u00e9nero en las comunidades sonorenses y dio la pl\u00e1tica con el tema Priorizaci\u00f3n de problemas de salud p\u00fablica en territorio.<\/p>\n\n\n<div class=\"wp-block-image\">\n<figure class=\"aligncenter size-large\"><img loading=\"lazy\" decoding=\"async\" width=\"1024\" height=\"576\" src=\"https:\/\/guaymas.gob.mx\/boletin\/wp-content\/uploads\/2025\/08\/3-3-1024x576.jpg\" alt=\"\" class=\"wp-image-902\" srcset=\"https:\/\/guaymas.gob.mx\/boletin\/wp-content\/uploads\/2025\/08\/3-3-1024x576.jpg 1024w, https:\/\/guaymas.gob.mx\/boletin\/wp-content\/uploads\/2025\/08\/3-3-300x169.jpg 300w, https:\/\/guaymas.gob.mx\/boletin\/wp-content\/uploads\/2025\/08\/3-3-768x432.jpg 768w, https:\/\/guaymas.gob.mx\/boletin\/wp-content\/uploads\/2025\/08\/3-3.jpg 1536w\" sizes=\"auto, (max-width: 1024px) 100vw, 1024px\" \/><\/figure>\n<\/div>\n\n\n<p>Posteriormente, se abri\u00f3 un espacio de di\u00e1logo en el que las alcaldesas y el alcalde presentes compartieron ideas, propuestas y reflexiones sobre los retos y oportunidades en materia de salud y equidad para las mujeres en sus respectivos municipios.<\/p>\n\n\n\n<p>Estuvieron presentes la presidentes municipal de Aconchi, Judith Reyna del Carmen Icedo Quijada; Nora Alicia Biebrich Duarte de Bacanora; Edna Patricia Serrano Pe\u00f1a de Ban\u00e1michi; Carmen Esmeralda Gonz\u00e1lez Tapia de Cananea; Sylvia Lenika Placencia Leal de Carb\u00f3; Ver\u00f3nica Valenzuela Avil\u00e9s de \u00d3navas; Janeth Garc\u00eda Maz\u00f3n de Pitiquito; Alma Guadalupe T\u00e9llez Salom\u00f3n de Santa Cruz; Paulette Encinas Miranda de Soyopa; Yessica Yuridia Barraza Celaya de Benjam\u00edn Hill; Alejandro Lameda Andrade de San Pedro de la Cueva; Daniela Mar\u00eda Gallego G\u00e1lvez Bacoachi; Dulce Griselda Alvarado Morales de Arizpe; y Edna Sof\u00eda Rasc\u00f3n Luzanilla de Benito Ju\u00e1rez.<\/p>\n\n\n\n<p>Del cuerpo de regidores Reyna Josefina Barahona Guti\u00e9rrez, Maria del Pilar Hern\u00e1ndez F\u00e9lix, Ver\u00f3nica Rodr\u00edguez Am\u00e9zaga, Alma Ivonne Cota Lugo, Reyna Elizabeth Rodr\u00edguez Corral, Leticia Verduzco Pe\u00f1a, Rosa Mar\u00eda Barrera Garc\u00eda, Mar\u00eda Teresa Salda\u00f1a Gonz\u00e1lez y Eva Lorenia Portugal Amavizca.<\/p>\n","protected":false},"excerpt":{"rendered":"<p>En un espacio para el intercambio de ideas, experiencias y compromisos en torno a la salud y los derechos de las mujeres, esta tarde el Ayuntamiento de Guaymas llev\u00f3 a cabo un encuentro con alcaldesas y alcaldes de Sonora. Encabezando esta reuni\u00f3n, doctora Karla C\u00f3rdova Gonz\u00e1lez, quien tambi\u00e9n es presidenta de la Red Sonorense de [&hellip;]<\/p>\n","protected":false},"author":2,"featured_media":899,"comment_status":"closed","ping_status":"open","sticky":false,"template":"","format":"standard","meta":{"_jetpack_memberships_contains_paid_content":false,"footnotes":""},"categories":[23],"tags":[27,45,5,43],"class_list":["post-898","post","type-post","status-publish","format-standard","has-post-thumbnail","hentry","category-presidencia","tag-ayuntamiento","tag-ayuntamiento-de-guaymas","tag-guaymas","tag-karla-cordova"],"jetpack_featured_media_url":"https:\/\/guaymas.gob.mx\/boletin\/wp-content\/uploads\/2025\/08\/1-6.jpg","jetpack_sharing_enabled":true,"_links":{"self":[{"href":"https:\/\/guaymas.gob.mx\/boletin\/wp-json\/wp\/v2\/posts\/898","targetHints":{"allow":["GET"]}}],"collection":[{"href":"https:\/\/guaymas.gob.mx\/boletin\/wp-json\/wp\/v2\/posts"}],"about":[{"href":"https:\/\/guaymas.gob.mx\/boletin\/wp-json\/wp\/v2\/types\/post"}],"author":[{"embeddable":true,"href":"https:\/\/guaymas.gob.mx\/boletin\/wp-json\/wp\/v2\/users\/2"}],"replies":[{"embeddable":true,"href":"https:\/\/guaymas.gob.mx\/boletin\/wp-json\/wp\/v2\/comments?post=898"}],"version-history":[{"count":1,"href":"https:\/\/guaymas.gob.mx\/boletin\/wp-json\/wp\/v2\/posts\/898\/revisions"}],"predecessor-version":[{"id":903,"href":"https:\/\/guaymas.gob.mx\/boletin\/wp-json\/wp\/v2\/posts\/898\/revisions\/903"}],"wp:featuredmedia":[{"embeddable":true,"href":"https:\/\/guaymas.gob.mx\/boletin\/wp-json\/wp\/v2\/media\/899"}],"wp:attachment":[{"href":"https:\/\/guaymas.gob.mx\/boletin\/wp-json\/wp\/v2\/media?parent=898"}],"wp:term":[{"taxonomy":"category","embeddable":true,"href":"https:\/\/guaymas.gob.mx\/boletin\/wp-json\/wp\/v2\/categories?post=898"},{"taxonomy":"post_tag","embeddable":true,"href":"https:\/\/guaymas.gob.mx\/boletin\/wp-json\/wp\/v2\/tags?post=898"}],"curies":[{"name":"wp","href":"https:\/\/api.w.org\/{rel}","templated":true}]}}