{"id":781,"date":"2025-06-05T12:39:59","date_gmt":"2025-06-05T19:39:59","guid":{"rendered":"https:\/\/guaymas.gob.mx\/boletin\/?p=781"},"modified":"2025-06-13T12:49:42","modified_gmt":"2025-06-13T19:49:42","slug":"participa-el-ayuntamiento-de-guaymas-en-la-jornada-de-limpieza-de-playas-y-costas","status":"publish","type":"post","link":"https:\/\/guaymas.gob.mx\/boletin\/2025\/06\/participa-el-ayuntamiento-de-guaymas-en-la-jornada-de-limpieza-de-playas-y-costas\/","title":{"rendered":"Participa el Ayuntamiento de Guaymas en la Jornada de limpieza de playas y costas"},"content":{"rendered":"\n<p>Este jueves, j\u00f3venes de Conalep, CBTIS 40, ITSON y UTG, personal de Marina y de diferentes dependencias municipales se unieron a los trabajos de la Jornada de Limpieza de Playas y Costas, esto dentro de la celebraci\u00f3n del D\u00eda Mundial del Medio Ambiente.<\/p>\n\n\n<div class=\"wp-block-image\">\n<figure class=\"aligncenter size-large\"><img loading=\"lazy\" decoding=\"async\" width=\"1024\" height=\"576\" src=\"https:\/\/guaymas.gob.mx\/boletin\/wp-content\/uploads\/2025\/06\/Limpieza4-1024x576.png\" alt=\"\" class=\"wp-image-783\" srcset=\"https:\/\/guaymas.gob.mx\/boletin\/wp-content\/uploads\/2025\/06\/Limpieza4-1024x576.png 1024w, https:\/\/guaymas.gob.mx\/boletin\/wp-content\/uploads\/2025\/06\/Limpieza4-300x169.png 300w, https:\/\/guaymas.gob.mx\/boletin\/wp-content\/uploads\/2025\/06\/Limpieza4-768x432.png 768w, https:\/\/guaymas.gob.mx\/boletin\/wp-content\/uploads\/2025\/06\/Limpieza4-1536x864.png 1536w, https:\/\/guaymas.gob.mx\/boletin\/wp-content\/uploads\/2025\/06\/Limpieza4.png 1600w\" sizes=\"auto, (max-width: 1024px) 100vw, 1024px\" \/><\/figure>\n<\/div>\n\n\n<p>Esta actividad organizada por el Gobierno de M\u00e9xico a trav\u00e9s de la Secretar\u00eda de Medio Ambiente y Recursos Naturales, Secretar\u00eda de Marina y el Ayuntamiento de Guaymas, logr\u00f3 aproximadamente el retiro de 15 toneladas de basura de la playa San Francisco, uno de los espacios de reuni\u00f3n familiar y de visitantes en San Carlos.<\/p>\n\n\n<div class=\"wp-block-image\">\n<figure class=\"aligncenter size-large\"><img loading=\"lazy\" decoding=\"async\" width=\"1024\" height=\"576\" src=\"https:\/\/guaymas.gob.mx\/boletin\/wp-content\/uploads\/2025\/06\/Limpieza3-1024x576.png\" alt=\"\" class=\"wp-image-784\" srcset=\"https:\/\/guaymas.gob.mx\/boletin\/wp-content\/uploads\/2025\/06\/Limpieza3-1024x576.png 1024w, https:\/\/guaymas.gob.mx\/boletin\/wp-content\/uploads\/2025\/06\/Limpieza3-300x169.png 300w, https:\/\/guaymas.gob.mx\/boletin\/wp-content\/uploads\/2025\/06\/Limpieza3-768x432.png 768w, https:\/\/guaymas.gob.mx\/boletin\/wp-content\/uploads\/2025\/06\/Limpieza3-1536x864.png 1536w, https:\/\/guaymas.gob.mx\/boletin\/wp-content\/uploads\/2025\/06\/Limpieza3.png 1600w\" sizes=\"auto, (max-width: 1024px) 100vw, 1024px\" \/><\/figure>\n<\/div>\n\n\n<p>La jornada impulsada por la presidenta de M\u00e9xico, Claudia Sheinbaum Pardo, tiene como prop\u00f3sito revertir y prevenir la contaminaci\u00f3n de las playas en un trabajo intersectorial y participativo.<\/p>\n\n\n<div class=\"wp-block-image\">\n<figure class=\"aligncenter size-large\"><img loading=\"lazy\" decoding=\"async\" width=\"1024\" height=\"576\" src=\"https:\/\/guaymas.gob.mx\/boletin\/wp-content\/uploads\/2025\/06\/Limpieza-1024x576.png\" alt=\"\" class=\"wp-image-785\" srcset=\"https:\/\/guaymas.gob.mx\/boletin\/wp-content\/uploads\/2025\/06\/Limpieza-1024x576.png 1024w, https:\/\/guaymas.gob.mx\/boletin\/wp-content\/uploads\/2025\/06\/Limpieza-300x169.png 300w, https:\/\/guaymas.gob.mx\/boletin\/wp-content\/uploads\/2025\/06\/Limpieza-768x432.png 768w, https:\/\/guaymas.gob.mx\/boletin\/wp-content\/uploads\/2025\/06\/Limpieza-1536x864.png 1536w, https:\/\/guaymas.gob.mx\/boletin\/wp-content\/uploads\/2025\/06\/Limpieza.png 1600w\" sizes=\"auto, (max-width: 1024px) 100vw, 1024px\" \/><\/figure>\n<\/div>\n\n\n<p>En representaci\u00f3n de la doctora Karla C\u00f3rdova Gonz\u00e1lez, el Tesorero Municipal, Daniel Apodaca Larrinaga, indic\u00f3 que es importante enviar el mensaje de concientizaci\u00f3n, cuidado y limpieza de playas a la comunidad para contribuir a que el medio ambiente mejore, adem\u00e1s de disminuir la contaminaci\u00f3n reduciendo al m\u00e1ximo el uso de pl\u00e1sticos.<\/p>\n\n\n<div class=\"wp-block-image\">\n<figure class=\"aligncenter size-large\"><img loading=\"lazy\" decoding=\"async\" width=\"1024\" height=\"576\" src=\"https:\/\/guaymas.gob.mx\/boletin\/wp-content\/uploads\/2025\/06\/Limpieza2-1024x576.png\" alt=\"\" class=\"wp-image-786\" srcset=\"https:\/\/guaymas.gob.mx\/boletin\/wp-content\/uploads\/2025\/06\/Limpieza2-1024x576.png 1024w, https:\/\/guaymas.gob.mx\/boletin\/wp-content\/uploads\/2025\/06\/Limpieza2-300x169.png 300w, https:\/\/guaymas.gob.mx\/boletin\/wp-content\/uploads\/2025\/06\/Limpieza2-768x432.png 768w, https:\/\/guaymas.gob.mx\/boletin\/wp-content\/uploads\/2025\/06\/Limpieza2-1536x864.png 1536w, https:\/\/guaymas.gob.mx\/boletin\/wp-content\/uploads\/2025\/06\/Limpieza2.png 1600w\" sizes=\"auto, (max-width: 1024px) 100vw, 1024px\" \/><\/figure>\n<\/div>\n\n\n<p>Presentes en este programa, el Comandante de la Segunda Regi\u00f3n Naval, Daniel Escobedo Escobedo; el Comisario de Seguridad P\u00fablica, Julio C\u00e9sar Cruz Gallegos; el Capit\u00e1n de Puerto, Manuel Torres Garc\u00eda; el S\u00edndico Municipal, Celestino Sarabia Tautimez y el Secretario del Ayuntamiento, Herman Aaron Garc\u00eda Luna.<\/p>\n","protected":false},"excerpt":{"rendered":"<p>Este jueves, j\u00f3venes de Conalep, CBTIS 40, ITSON y UTG, personal de Marina y de diferentes dependencias municipales se unieron a los trabajos de la Jornada de Limpieza de Playas y Costas, esto dentro de la celebraci\u00f3n del D\u00eda Mundial del Medio Ambiente. Esta actividad organizada por el Gobierno de M\u00e9xico a trav\u00e9s de la [&hellip;]<\/p>\n","protected":false},"author":2,"featured_media":782,"comment_status":"closed","ping_status":"open","sticky":false,"template":"","format":"standard","meta":{"_jetpack_memberships_contains_paid_content":false,"footnotes":""},"categories":[23],"tags":[27,45,5,43],"class_list":["post-781","post","type-post","status-publish","format-standard","has-post-thumbnail","hentry","category-presidencia","tag-ayuntamiento","tag-ayuntamiento-de-guaymas","tag-guaymas","tag-karla-cordova"],"jetpack_featured_media_url":"https:\/\/guaymas.gob.mx\/boletin\/wp-content\/uploads\/2025\/06\/Limpieza5.png","jetpack_sharing_enabled":true,"_links":{"self":[{"href":"https:\/\/guaymas.gob.mx\/boletin\/wp-json\/wp\/v2\/posts\/781","targetHints":{"allow":["GET"]}}],"collection":[{"href":"https:\/\/guaymas.gob.mx\/boletin\/wp-json\/wp\/v2\/posts"}],"about":[{"href":"https:\/\/guaymas.gob.mx\/boletin\/wp-json\/wp\/v2\/types\/post"}],"author":[{"embeddable":true,"href":"https:\/\/guaymas.gob.mx\/boletin\/wp-json\/wp\/v2\/users\/2"}],"replies":[{"embeddable":true,"href":"https:\/\/guaymas.gob.mx\/boletin\/wp-json\/wp\/v2\/comments?post=781"}],"version-history":[{"count":1,"href":"https:\/\/guaymas.gob.mx\/boletin\/wp-json\/wp\/v2\/posts\/781\/revisions"}],"predecessor-version":[{"id":787,"href":"https:\/\/guaymas.gob.mx\/boletin\/wp-json\/wp\/v2\/posts\/781\/revisions\/787"}],"wp:featuredmedia":[{"embeddable":true,"href":"https:\/\/guaymas.gob.mx\/boletin\/wp-json\/wp\/v2\/media\/782"}],"wp:attachment":[{"href":"https:\/\/guaymas.gob.mx\/boletin\/wp-json\/wp\/v2\/media?parent=781"}],"wp:term":[{"taxonomy":"category","embeddable":true,"href":"https:\/\/guaymas.gob.mx\/boletin\/wp-json\/wp\/v2\/categories?post=781"},{"taxonomy":"post_tag","embeddable":true,"href":"https:\/\/guaymas.gob.mx\/boletin\/wp-json\/wp\/v2\/tags?post=781"}],"curies":[{"name":"wp","href":"https:\/\/api.w.org\/{rel}","templated":true}]}}