{"id":631,"date":"2025-04-21T09:56:57","date_gmt":"2025-04-21T16:56:57","guid":{"rendered":"https:\/\/guaymas.gob.mx\/boletin\/?p=631"},"modified":"2025-04-23T10:31:28","modified_gmt":"2025-04-23T17:31:28","slug":"una-afluencia-de-260-mil-visitantes-se-registro-en-las-playas-de-san-carlos-y-guaymas-en-esta-semana-santa","status":"publish","type":"post","link":"https:\/\/guaymas.gob.mx\/boletin\/2025\/04\/una-afluencia-de-260-mil-visitantes-se-registro-en-las-playas-de-san-carlos-y-guaymas-en-esta-semana-santa\/","title":{"rendered":"Una afluencia de 260 mil visitantes se registr\u00f3 en las playas de San Carlos y Guaymas en esta Semana Santa"},"content":{"rendered":"\n<p>Una derrama mayor a 280 millones de pesos y una afluencia de 260 mil visitantes se registraron durante el periodo de Semana Santa en las diferentes playas de San Carlos y Guaymas, dio a conocer la alcaldesa esta ma\u00f1ana en conferencia de prensa.<\/p>\n\n\n\n<figure class=\"wp-block-image size-large\"><img loading=\"lazy\" decoding=\"async\" width=\"1024\" height=\"576\" src=\"https:\/\/guaymas.gob.mx\/boletin\/wp-content\/uploads\/2025\/04\/Semana-Santa2-1-1024x576.jpg\" alt=\"\" class=\"wp-image-633\" srcset=\"https:\/\/guaymas.gob.mx\/boletin\/wp-content\/uploads\/2025\/04\/Semana-Santa2-1-1024x576.jpg 1024w, https:\/\/guaymas.gob.mx\/boletin\/wp-content\/uploads\/2025\/04\/Semana-Santa2-1-300x169.jpg 300w, https:\/\/guaymas.gob.mx\/boletin\/wp-content\/uploads\/2025\/04\/Semana-Santa2-1-768x432.jpg 768w, https:\/\/guaymas.gob.mx\/boletin\/wp-content\/uploads\/2025\/04\/Semana-Santa2-1-1536x864.jpg 1536w, https:\/\/guaymas.gob.mx\/boletin\/wp-content\/uploads\/2025\/04\/Semana-Santa2-1.jpg 1600w\" sizes=\"auto, (max-width: 1024px) 100vw, 1024px\" \/><\/figure>\n\n\n\n<p>Asimismo, anunci\u00f3 que familias y visitantes nacionales e internacionales disfrutaron de las playas Los Algodones, San Francisco, Piedras Pintas, el campo pesquero La Manga y Mirador Esc\u00e9nico; tambi\u00e9n en Guaymas, la playa Miramar, Carricito y Centinela tambi\u00e9n fueron sitios de reuni\u00f3n, adem\u00e1s, el Parque Infantil recibi\u00f3 a m\u00e1s de mil ni\u00f1os y ni\u00f1as.<\/p>\n\n\n\n<p>Resalt\u00f3, que el periodo de Semana Santa es donde m\u00e1s personas vienen a Guaymas, siendo el destino favorito en el estado, por lo que se trabaja para que m\u00e1s personas vengan y disfruten de todas las maravillas que ofrece; \u201csabemos que muchas familias salen a pasear y descansar, por ello quiero agradecer a todos los que participaron durante este operativo y llevaron alimento e hidrataci\u00f3n a todo el estado de fuerza\u201d.<\/p>\n\n\n\n<figure class=\"wp-block-image size-large\"><img loading=\"lazy\" decoding=\"async\" width=\"1024\" height=\"576\" src=\"https:\/\/guaymas.gob.mx\/boletin\/wp-content\/uploads\/2025\/04\/Semana-Santa5-1024x576.jpg\" alt=\"\" class=\"wp-image-634\" srcset=\"https:\/\/guaymas.gob.mx\/boletin\/wp-content\/uploads\/2025\/04\/Semana-Santa5-1024x576.jpg 1024w, https:\/\/guaymas.gob.mx\/boletin\/wp-content\/uploads\/2025\/04\/Semana-Santa5-300x169.jpg 300w, https:\/\/guaymas.gob.mx\/boletin\/wp-content\/uploads\/2025\/04\/Semana-Santa5-768x432.jpg 768w, https:\/\/guaymas.gob.mx\/boletin\/wp-content\/uploads\/2025\/04\/Semana-Santa5-1536x864.jpg 1536w, https:\/\/guaymas.gob.mx\/boletin\/wp-content\/uploads\/2025\/04\/Semana-Santa5.jpg 1600w\" sizes=\"auto, (max-width: 1024px) 100vw, 1024px\" \/><\/figure>\n\n\n\n<p>Dijo, que de jueves a domingo, la playa Miramar registr\u00f3 un aforo vehicular de 8 mil 133 veh\u00edculos y en San Carlos fue de 58 mil 338; se cont\u00f3 para este operativo de seguridad con la participaci\u00f3n de 422 elementos de las diferentes corporaciones de seguridad y de emergencia.<\/p>\n\n\n<div class=\"wp-block-image\">\n<figure class=\"aligncenter size-large\"><img loading=\"lazy\" decoding=\"async\" width=\"1024\" height=\"576\" src=\"https:\/\/guaymas.gob.mx\/boletin\/wp-content\/uploads\/2025\/04\/Semana-Santa3-1-1024x576.jpg\" alt=\"\" class=\"wp-image-635\" srcset=\"https:\/\/guaymas.gob.mx\/boletin\/wp-content\/uploads\/2025\/04\/Semana-Santa3-1-1024x576.jpg 1024w, https:\/\/guaymas.gob.mx\/boletin\/wp-content\/uploads\/2025\/04\/Semana-Santa3-1-300x169.jpg 300w, https:\/\/guaymas.gob.mx\/boletin\/wp-content\/uploads\/2025\/04\/Semana-Santa3-1-768x432.jpg 768w, https:\/\/guaymas.gob.mx\/boletin\/wp-content\/uploads\/2025\/04\/Semana-Santa3-1-1536x864.jpg 1536w, https:\/\/guaymas.gob.mx\/boletin\/wp-content\/uploads\/2025\/04\/Semana-Santa3-1.jpg 1600w\" sizes=\"auto, (max-width: 1024px) 100vw, 1024px\" \/><\/figure>\n<\/div>\n\n\n<p>En cuanto a las actividades, el ascenso al Cerro Tetakawi recibi\u00f3 a 428 turistas de Mazatl\u00e1n, Tijuana, Coahuila, Monterrey, Guadalajara, Culiac\u00e1n, Ensenada, La Paz, Arizona, Canad\u00e1, Ecuador, Tucson y Los \u00c1ngeles, entre otros, que disfrutaron las riquezas naturales de San Carlos, Pueblo M\u00e1gico.<\/p>\n\n\n\n<p>Finalmente, se tuvo registro de 59.2 toneladas de residuos s\u00f3lidos recolectadas en el sector Miramar y San Carlos durante la temporada de Semana Santa.<\/p>\n","protected":false},"excerpt":{"rendered":"<p>Una derrama mayor a 280 millones de pesos y una afluencia de 260 mil visitantes se registraron durante el periodo de Semana Santa en las diferentes playas de San Carlos y Guaymas, dio a conocer la alcaldesa esta ma\u00f1ana en conferencia de prensa. Asimismo, anunci\u00f3 que familias y visitantes nacionales e internacionales disfrutaron de las [&hellip;]<\/p>\n","protected":false},"author":2,"featured_media":632,"comment_status":"closed","ping_status":"open","sticky":false,"template":"","format":"standard","meta":{"_jetpack_memberships_contains_paid_content":false,"footnotes":""},"categories":[96],"tags":[27,45,5],"class_list":["post-631","post","type-post","status-publish","format-standard","has-post-thumbnail","hentry","category-desarrollo-economico-y-turistico","tag-ayuntamiento","tag-ayuntamiento-de-guaymas","tag-guaymas"],"jetpack_featured_media_url":"https:\/\/guaymas.gob.mx\/boletin\/wp-content\/uploads\/2025\/04\/Semana-Santa-1.jpg","jetpack_sharing_enabled":true,"_links":{"self":[{"href":"https:\/\/guaymas.gob.mx\/boletin\/wp-json\/wp\/v2\/posts\/631","targetHints":{"allow":["GET"]}}],"collection":[{"href":"https:\/\/guaymas.gob.mx\/boletin\/wp-json\/wp\/v2\/posts"}],"about":[{"href":"https:\/\/guaymas.gob.mx\/boletin\/wp-json\/wp\/v2\/types\/post"}],"author":[{"embeddable":true,"href":"https:\/\/guaymas.gob.mx\/boletin\/wp-json\/wp\/v2\/users\/2"}],"replies":[{"embeddable":true,"href":"https:\/\/guaymas.gob.mx\/boletin\/wp-json\/wp\/v2\/comments?post=631"}],"version-history":[{"count":3,"href":"https:\/\/guaymas.gob.mx\/boletin\/wp-json\/wp\/v2\/posts\/631\/revisions"}],"predecessor-version":[{"id":639,"href":"https:\/\/guaymas.gob.mx\/boletin\/wp-json\/wp\/v2\/posts\/631\/revisions\/639"}],"wp:featuredmedia":[{"embeddable":true,"href":"https:\/\/guaymas.gob.mx\/boletin\/wp-json\/wp\/v2\/media\/632"}],"wp:attachment":[{"href":"https:\/\/guaymas.gob.mx\/boletin\/wp-json\/wp\/v2\/media?parent=631"}],"wp:term":[{"taxonomy":"category","embeddable":true,"href":"https:\/\/guaymas.gob.mx\/boletin\/wp-json\/wp\/v2\/categories?post=631"},{"taxonomy":"post_tag","embeddable":true,"href":"https:\/\/guaymas.gob.mx\/boletin\/wp-json\/wp\/v2\/tags?post=631"}],"curies":[{"name":"wp","href":"https:\/\/api.w.org\/{rel}","templated":true}]}}