{"id":625,"date":"2025-04-18T09:54:15","date_gmt":"2025-04-18T16:54:15","guid":{"rendered":"https:\/\/guaymas.gob.mx\/boletin\/?p=625"},"modified":"2025-04-23T09:56:48","modified_gmt":"2025-04-23T16:56:48","slug":"gran-afluencia-de-visitantes-en-san-carlos-y-miramar-durante-semana-santa-2025","status":"publish","type":"post","link":"https:\/\/guaymas.gob.mx\/boletin\/2025\/04\/gran-afluencia-de-visitantes-en-san-carlos-y-miramar-durante-semana-santa-2025\/","title":{"rendered":"Gran afluencia de visitantes en San Carlos y Miramar durante Semana Santa 2025"},"content":{"rendered":"\n<p>Durante este periodo vacacional de Semana Santa, las playas de San Carlos y Miramar han registrado una destacada afluencia de visitantes, consolid\u00e1ndose como destinos tur\u00edsticos preferidos tanto a nivel estatal, nacional e internacional.<\/p>\n\n\n<div class=\"wp-block-image\">\n<figure class=\"aligncenter size-large\"><img loading=\"lazy\" decoding=\"async\" width=\"1024\" height=\"576\" src=\"https:\/\/guaymas.gob.mx\/boletin\/wp-content\/uploads\/2025\/04\/semana-santa3-1024x576.jpg\" alt=\"\" class=\"wp-image-627\" srcset=\"https:\/\/guaymas.gob.mx\/boletin\/wp-content\/uploads\/2025\/04\/semana-santa3-1024x576.jpg 1024w, https:\/\/guaymas.gob.mx\/boletin\/wp-content\/uploads\/2025\/04\/semana-santa3-300x169.jpg 300w, https:\/\/guaymas.gob.mx\/boletin\/wp-content\/uploads\/2025\/04\/semana-santa3-768x432.jpg 768w, https:\/\/guaymas.gob.mx\/boletin\/wp-content\/uploads\/2025\/04\/semana-santa3-1536x864.jpg 1536w, https:\/\/guaymas.gob.mx\/boletin\/wp-content\/uploads\/2025\/04\/semana-santa3.jpg 1600w\" sizes=\"auto, (max-width: 1024px) 100vw, 1024px\" \/><\/figure>\n<\/div>\n\n\n<p>Miles de turistas provenientes de distintas regiones del estado de Sonora, as\u00ed como de entidades como Chihuahua, Sinaloa, Baja California y Ciudad de M\u00e9xico se dieron cita para disfrutar del sol, el mar y las bellezas naturales de la regi\u00f3n. Asimismo, se cont\u00f3 con la presencia de visitantes internacionales, principalmente de Estados Unidos y Canad\u00e1, quienes reconocieron la calidez de la comunidad local y la calidad de los servicios tur\u00edsticos.<\/p>\n\n\n<div class=\"wp-block-image\">\n<figure class=\"aligncenter size-large\"><img loading=\"lazy\" decoding=\"async\" width=\"1024\" height=\"576\" src=\"https:\/\/guaymas.gob.mx\/boletin\/wp-content\/uploads\/2025\/04\/semana-santa4-1024x576.jpg\" alt=\"\" class=\"wp-image-628\" srcset=\"https:\/\/guaymas.gob.mx\/boletin\/wp-content\/uploads\/2025\/04\/semana-santa4-1024x576.jpg 1024w, https:\/\/guaymas.gob.mx\/boletin\/wp-content\/uploads\/2025\/04\/semana-santa4-300x169.jpg 300w, https:\/\/guaymas.gob.mx\/boletin\/wp-content\/uploads\/2025\/04\/semana-santa4-768x432.jpg 768w, https:\/\/guaymas.gob.mx\/boletin\/wp-content\/uploads\/2025\/04\/semana-santa4-1536x864.jpg 1536w, https:\/\/guaymas.gob.mx\/boletin\/wp-content\/uploads\/2025\/04\/semana-santa4.jpg 1600w\" sizes=\"auto, (max-width: 1024px) 100vw, 1024px\" \/><\/figure>\n<\/div>\n\n\n<p>A pesar del elevado n\u00famero de vacacionistas, las autoridades municipales, estatales y cuerpos de emergencia reportan hasta el d\u00eda de hoy, una Semana Santa con saldo blanco, gracias a la implementaci\u00f3n de operativos coordinados de vigilancia, control vehicular y atenci\u00f3n m\u00e9dica. La presencia constante de elementos de seguridad, Protecci\u00f3n Civil, Cruz Roja y cuerpos de rescate ha permitido mantener el orden y la tranquilidad en todo momento.<\/p>\n\n\n<div class=\"wp-block-image\">\n<figure class=\"aligncenter size-large\"><img loading=\"lazy\" decoding=\"async\" width=\"1024\" height=\"576\" src=\"https:\/\/guaymas.gob.mx\/boletin\/wp-content\/uploads\/2025\/04\/semana-santa2-1024x576.jpg\" alt=\"\" class=\"wp-image-629\" srcset=\"https:\/\/guaymas.gob.mx\/boletin\/wp-content\/uploads\/2025\/04\/semana-santa2-1024x576.jpg 1024w, https:\/\/guaymas.gob.mx\/boletin\/wp-content\/uploads\/2025\/04\/semana-santa2-300x169.jpg 300w, https:\/\/guaymas.gob.mx\/boletin\/wp-content\/uploads\/2025\/04\/semana-santa2-768x432.jpg 768w, https:\/\/guaymas.gob.mx\/boletin\/wp-content\/uploads\/2025\/04\/semana-santa2-1536x864.jpg 1536w, https:\/\/guaymas.gob.mx\/boletin\/wp-content\/uploads\/2025\/04\/semana-santa2.jpg 1600w\" sizes=\"auto, (max-width: 1024px) 100vw, 1024px\" \/><\/figure>\n<\/div>\n\n\n<p>Los visitantes destacaron la buena organizaci\u00f3n y el ambiente familiar que se vivi\u00f3 en las playas, as\u00ed como el respeto a los lineamientos establecidos para garantizar la seguridad de todos.<\/p>\n\n\n\n<p>Con estos resultados, San Carlos y Miramar se reafirman como destinos tur\u00edsticos seguros y hospitalarios, preparados para recibir con los brazos abiertos a quienes deseen disfrutar de sus paisajes, gastronom\u00eda y tradiciones.<\/p>\n","protected":false},"excerpt":{"rendered":"<p>Durante este periodo vacacional de Semana Santa, las playas de San Carlos y Miramar han registrado una destacada afluencia de visitantes, consolid\u00e1ndose como destinos tur\u00edsticos preferidos tanto a nivel estatal, nacional e internacional. Miles de turistas provenientes de distintas regiones del estado de Sonora, as\u00ed como de entidades como Chihuahua, Sinaloa, Baja California y Ciudad [&hellip;]<\/p>\n","protected":false},"author":2,"featured_media":626,"comment_status":"closed","ping_status":"open","sticky":false,"template":"","format":"standard","meta":{"_jetpack_memberships_contains_paid_content":false,"footnotes":""},"categories":[96],"tags":[27,45,5,55],"class_list":["post-625","post","type-post","status-publish","format-standard","has-post-thumbnail","hentry","category-desarrollo-economico-y-turistico","tag-ayuntamiento","tag-ayuntamiento-de-guaymas","tag-guaymas","tag-san-carlos"],"jetpack_featured_media_url":"https:\/\/guaymas.gob.mx\/boletin\/wp-content\/uploads\/2025\/04\/semana-santa.jpg","jetpack_sharing_enabled":true,"_links":{"self":[{"href":"https:\/\/guaymas.gob.mx\/boletin\/wp-json\/wp\/v2\/posts\/625","targetHints":{"allow":["GET"]}}],"collection":[{"href":"https:\/\/guaymas.gob.mx\/boletin\/wp-json\/wp\/v2\/posts"}],"about":[{"href":"https:\/\/guaymas.gob.mx\/boletin\/wp-json\/wp\/v2\/types\/post"}],"author":[{"embeddable":true,"href":"https:\/\/guaymas.gob.mx\/boletin\/wp-json\/wp\/v2\/users\/2"}],"replies":[{"embeddable":true,"href":"https:\/\/guaymas.gob.mx\/boletin\/wp-json\/wp\/v2\/comments?post=625"}],"version-history":[{"count":1,"href":"https:\/\/guaymas.gob.mx\/boletin\/wp-json\/wp\/v2\/posts\/625\/revisions"}],"predecessor-version":[{"id":630,"href":"https:\/\/guaymas.gob.mx\/boletin\/wp-json\/wp\/v2\/posts\/625\/revisions\/630"}],"wp:featuredmedia":[{"embeddable":true,"href":"https:\/\/guaymas.gob.mx\/boletin\/wp-json\/wp\/v2\/media\/626"}],"wp:attachment":[{"href":"https:\/\/guaymas.gob.mx\/boletin\/wp-json\/wp\/v2\/media?parent=625"}],"wp:term":[{"taxonomy":"category","embeddable":true,"href":"https:\/\/guaymas.gob.mx\/boletin\/wp-json\/wp\/v2\/categories?post=625"},{"taxonomy":"post_tag","embeddable":true,"href":"https:\/\/guaymas.gob.mx\/boletin\/wp-json\/wp\/v2\/tags?post=625"}],"curies":[{"name":"wp","href":"https:\/\/api.w.org\/{rel}","templated":true}]}}