{"id":515,"date":"2025-03-20T19:54:23","date_gmt":"2025-03-21T02:54:23","guid":{"rendered":"https:\/\/guaymas.gob.mx\/boletin\/?p=515"},"modified":"2025-04-15T19:58:51","modified_gmt":"2025-04-16T02:58:51","slug":"toma-protesta-doctora-karla-cordova-gonzalez-como-presidenta-de-la-red-sonorense-de-municipios-por-la-salud","status":"publish","type":"post","link":"https:\/\/guaymas.gob.mx\/boletin\/2025\/03\/toma-protesta-doctora-karla-cordova-gonzalez-como-presidenta-de-la-red-sonorense-de-municipios-por-la-salud\/","title":{"rendered":"Toma protesta doctora Karla C\u00f3rdova Gonz\u00e1lez como presidenta de la Red Sonorense de Municipios por la Salud"},"content":{"rendered":"\n<p>Este jueves, en un evento presidido por el gobernador, el doctor Alfonso Durazo, tom\u00f3 protesta la doctora Karla C\u00f3rdova Gonz\u00e1lez como presidenta electa de la Red Sonorense de Municipios por la Salud, el que se da un paso importante para el bienestar de las familias y el fortalecimiento del trabajo conjunto para mejorar los servicios de salud en Sonora.<\/p>\n\n\n<div class=\"wp-block-image\">\n<figure class=\"aligncenter size-large\"><img loading=\"lazy\" decoding=\"async\" width=\"1024\" height=\"576\" src=\"https:\/\/guaymas.gob.mx\/boletin\/wp-content\/uploads\/2025\/04\/Red-Sonorense-Salud4-1024x576.jpg\" alt=\"\" class=\"wp-image-517\" srcset=\"https:\/\/guaymas.gob.mx\/boletin\/wp-content\/uploads\/2025\/04\/Red-Sonorense-Salud4-1024x576.jpg 1024w, https:\/\/guaymas.gob.mx\/boletin\/wp-content\/uploads\/2025\/04\/Red-Sonorense-Salud4-300x169.jpg 300w, https:\/\/guaymas.gob.mx\/boletin\/wp-content\/uploads\/2025\/04\/Red-Sonorense-Salud4-768x432.jpg 768w, https:\/\/guaymas.gob.mx\/boletin\/wp-content\/uploads\/2025\/04\/Red-Sonorense-Salud4-1536x864.jpg 1536w, https:\/\/guaymas.gob.mx\/boletin\/wp-content\/uploads\/2025\/04\/Red-Sonorense-Salud4.jpg 1600w\" sizes=\"auto, (max-width: 1024px) 100vw, 1024px\" \/><\/figure>\n<\/div>\n\n\n<p>En su mensaje, la alcaldesa Karla C\u00f3rdova Gonz\u00e1lez agradeci\u00f3 al gobernador por el acompa\u00f1amiento y apoyo que reciben los presidentes y presidentas de Sonora para sacar adelante los temas que le duelen a cada uno de municipios.<\/p>\n\n\n<div class=\"wp-block-image\">\n<figure class=\"aligncenter size-large\"><img loading=\"lazy\" decoding=\"async\" width=\"1024\" height=\"576\" src=\"https:\/\/guaymas.gob.mx\/boletin\/wp-content\/uploads\/2025\/04\/Red-Sonorense-Salud3-1024x576.jpg\" alt=\"\" class=\"wp-image-518\" srcset=\"https:\/\/guaymas.gob.mx\/boletin\/wp-content\/uploads\/2025\/04\/Red-Sonorense-Salud3-1024x576.jpg 1024w, https:\/\/guaymas.gob.mx\/boletin\/wp-content\/uploads\/2025\/04\/Red-Sonorense-Salud3-300x169.jpg 300w, https:\/\/guaymas.gob.mx\/boletin\/wp-content\/uploads\/2025\/04\/Red-Sonorense-Salud3-768x432.jpg 768w, https:\/\/guaymas.gob.mx\/boletin\/wp-content\/uploads\/2025\/04\/Red-Sonorense-Salud3-1536x864.jpg 1536w, https:\/\/guaymas.gob.mx\/boletin\/wp-content\/uploads\/2025\/04\/Red-Sonorense-Salud3.jpg 1600w\" sizes=\"auto, (max-width: 1024px) 100vw, 1024px\" \/><\/figure>\n<\/div>\n\n\n<p>A su vez, resalt\u00f3 que este es un gran compromiso, porque la salud es y debe seguir siendo un pilar fundamental en las agendas municipales, porque representa no s\u00f3lo el derecho humano esencial, sino tambi\u00e9n la base para el desarrollo de nuestras comunidades; \u201cel d\u00eda de hoy, quiero reafirmar mi compromiso inquebrantable con esta causa que ha marcado mi vida, siendo la salud el gran sue\u00f1o que tuve desde ni\u00f1a, por ello esta red es muy importante para poder coordinarnos y trabajar por un bien com\u00fan\u201d.<\/p>\n\n\n<div class=\"wp-block-image\">\n<figure class=\"aligncenter size-large\"><img loading=\"lazy\" decoding=\"async\" width=\"1024\" height=\"576\" src=\"https:\/\/guaymas.gob.mx\/boletin\/wp-content\/uploads\/2025\/04\/Red-Sonorense-Salud2-1024x576.jpg\" alt=\"\" class=\"wp-image-519\" srcset=\"https:\/\/guaymas.gob.mx\/boletin\/wp-content\/uploads\/2025\/04\/Red-Sonorense-Salud2-1024x576.jpg 1024w, https:\/\/guaymas.gob.mx\/boletin\/wp-content\/uploads\/2025\/04\/Red-Sonorense-Salud2-300x169.jpg 300w, https:\/\/guaymas.gob.mx\/boletin\/wp-content\/uploads\/2025\/04\/Red-Sonorense-Salud2-768x432.jpg 768w, https:\/\/guaymas.gob.mx\/boletin\/wp-content\/uploads\/2025\/04\/Red-Sonorense-Salud2-1536x864.jpg 1536w, https:\/\/guaymas.gob.mx\/boletin\/wp-content\/uploads\/2025\/04\/Red-Sonorense-Salud2.jpg 1600w\" sizes=\"auto, (max-width: 1024px) 100vw, 1024px\" \/><\/figure>\n<\/div>\n\n\n<p>Asimismo, el gobernador Alfonso Durazo coment\u00f3 el significativo avance que presenta el estado con la construcci\u00f3n de diferentes hospitales y personal de salud, para garantizar la atenci\u00f3n medica de las y los sonorenses.<\/p>\n","protected":false},"excerpt":{"rendered":"<p>Este jueves, en un evento presidido por el gobernador, el doctor Alfonso Durazo, tom\u00f3 protesta la doctora Karla C\u00f3rdova Gonz\u00e1lez como presidenta electa de la Red Sonorense de Municipios por la Salud, el que se da un paso importante para el bienestar de las familias y el fortalecimiento del trabajo conjunto para mejorar los servicios [&hellip;]<\/p>\n","protected":false},"author":2,"featured_media":516,"comment_status":"closed","ping_status":"open","sticky":false,"template":"","format":"standard","meta":{"_jetpack_memberships_contains_paid_content":false,"footnotes":""},"categories":[23,2],"tags":[27,45,5,43],"class_list":["post-515","post","type-post","status-publish","format-standard","has-post-thumbnail","hentry","category-presidencia","category-salud","tag-ayuntamiento","tag-ayuntamiento-de-guaymas","tag-guaymas","tag-karla-cordova"],"jetpack_featured_media_url":"https:\/\/guaymas.gob.mx\/boletin\/wp-content\/uploads\/2025\/04\/Red-Sonorense-Salud.jpg","jetpack_sharing_enabled":true,"_links":{"self":[{"href":"https:\/\/guaymas.gob.mx\/boletin\/wp-json\/wp\/v2\/posts\/515","targetHints":{"allow":["GET"]}}],"collection":[{"href":"https:\/\/guaymas.gob.mx\/boletin\/wp-json\/wp\/v2\/posts"}],"about":[{"href":"https:\/\/guaymas.gob.mx\/boletin\/wp-json\/wp\/v2\/types\/post"}],"author":[{"embeddable":true,"href":"https:\/\/guaymas.gob.mx\/boletin\/wp-json\/wp\/v2\/users\/2"}],"replies":[{"embeddable":true,"href":"https:\/\/guaymas.gob.mx\/boletin\/wp-json\/wp\/v2\/comments?post=515"}],"version-history":[{"count":1,"href":"https:\/\/guaymas.gob.mx\/boletin\/wp-json\/wp\/v2\/posts\/515\/revisions"}],"predecessor-version":[{"id":520,"href":"https:\/\/guaymas.gob.mx\/boletin\/wp-json\/wp\/v2\/posts\/515\/revisions\/520"}],"wp:featuredmedia":[{"embeddable":true,"href":"https:\/\/guaymas.gob.mx\/boletin\/wp-json\/wp\/v2\/media\/516"}],"wp:attachment":[{"href":"https:\/\/guaymas.gob.mx\/boletin\/wp-json\/wp\/v2\/media?parent=515"}],"wp:term":[{"taxonomy":"category","embeddable":true,"href":"https:\/\/guaymas.gob.mx\/boletin\/wp-json\/wp\/v2\/categories?post=515"},{"taxonomy":"post_tag","embeddable":true,"href":"https:\/\/guaymas.gob.mx\/boletin\/wp-json\/wp\/v2\/tags?post=515"}],"curies":[{"name":"wp","href":"https:\/\/api.w.org\/{rel}","templated":true}]}}