{"id":453,"date":"2025-02-27T18:51:46","date_gmt":"2025-02-28T01:51:46","guid":{"rendered":"https:\/\/guaymas.gob.mx\/boletin\/?p=453"},"modified":"2025-03-10T18:56:31","modified_gmt":"2025-03-11T01:56:31","slug":"es-daniel-diaz-rodriguez-el-rey-del-carnaval-guaymas-2025-la-fiesta-es-nuestra","status":"publish","type":"post","link":"https:\/\/guaymas.gob.mx\/boletin\/2025\/02\/es-daniel-diaz-rodriguez-el-rey-del-carnaval-guaymas-2025-la-fiesta-es-nuestra\/","title":{"rendered":"Es Daniel D\u00edaz Rodr\u00edguez, el rey del Carnaval Guaymas 2025 \u00a1La fiesta es nuestra!"},"content":{"rendered":"\n<p>El Ayuntamiento de Guaymas a trav\u00e9s de la direcci\u00f3n de Desarrollo Econ\u00f3mico y Tur\u00edstico junto a la Coordinaci\u00f3n de Festividades realiz\u00f3 la ceremonia de coronaci\u00f3n de Daniel D\u00edaz Rodr\u00edguez como rey del Carnaval Guaymas 2025 \u00a1La fiesta es nuestra! en la Plaza Tres Presidentes, adem\u00e1s se llev\u00f3 a cabo la procesi\u00f3n y \u201cQuema del Mal Humor\u201d.<\/p>\n\n\n\n<p>Los integrantes de la corte de carnaval 2024 integrada por el rey Francisco L\u00f3pez S\u00e1nchez, el pr\u00edncipe Carlos Ernesto Le\u00f3n Montoya y el duque Octavio Ernesto Rasc\u00f3n Jim\u00e9nez, realizaron el \u00faltimo recorrido para despedirse de las familias y visitantes que acudieron a esta ceremonia.<\/p>\n\n\n<div class=\"wp-block-image\">\n<figure class=\"aligncenter size-large\"><img loading=\"lazy\" decoding=\"async\" width=\"1024\" height=\"576\" src=\"https:\/\/guaymas.gob.mx\/boletin\/wp-content\/uploads\/2025\/03\/Rey-momo3-1024x576.jpg\" alt=\"\" class=\"wp-image-455\" srcset=\"https:\/\/guaymas.gob.mx\/boletin\/wp-content\/uploads\/2025\/03\/Rey-momo3-1024x576.jpg 1024w, https:\/\/guaymas.gob.mx\/boletin\/wp-content\/uploads\/2025\/03\/Rey-momo3-300x169.jpg 300w, https:\/\/guaymas.gob.mx\/boletin\/wp-content\/uploads\/2025\/03\/Rey-momo3-768x432.jpg 768w, https:\/\/guaymas.gob.mx\/boletin\/wp-content\/uploads\/2025\/03\/Rey-momo3-1536x864.jpg 1536w, https:\/\/guaymas.gob.mx\/boletin\/wp-content\/uploads\/2025\/03\/Rey-momo3.jpg 1600w\" sizes=\"auto, (max-width: 1024px) 100vw, 1024px\" \/><\/figure>\n<\/div>\n\n\n<p>La alcaldesa Karla C\u00f3rdova Gonz\u00e1lez acompa\u00f1ada del regidor Jes\u00fas Antonio D\u00f3rame Acevedo entreg\u00f3 la corona y b\u00e1culo de poder a Daniel D\u00edaz Rodr\u00edguez como rey del Carnaval 2025; el pr\u00edncipe, Jes\u00fas Enrique Arce Murua recibi\u00f3 la distinci\u00f3n de parte de la regidora Mar\u00eda del Pilar Hern\u00e1ndez F\u00e9lix y del S\u00edndico Municipal Celestino Sarabia Tautimez; y el duque, Juan Antonio Gallegos Guillot fue reconocido por la regidora y presidenta de la Comisi\u00f3n de Educaci\u00f3n y Cultura Alma Yvonne Cota Lugo y el Secretario del Ayuntamiento Herman Aaron Garc\u00eda Luna.<\/p>\n\n\n<div class=\"wp-block-image\">\n<figure class=\"aligncenter size-large\"><img loading=\"lazy\" decoding=\"async\" width=\"1024\" height=\"576\" src=\"https:\/\/guaymas.gob.mx\/boletin\/wp-content\/uploads\/2025\/03\/Rey-momo2-1024x576.jpg\" alt=\"\" class=\"wp-image-456\" srcset=\"https:\/\/guaymas.gob.mx\/boletin\/wp-content\/uploads\/2025\/03\/Rey-momo2-1024x576.jpg 1024w, https:\/\/guaymas.gob.mx\/boletin\/wp-content\/uploads\/2025\/03\/Rey-momo2-300x169.jpg 300w, https:\/\/guaymas.gob.mx\/boletin\/wp-content\/uploads\/2025\/03\/Rey-momo2-768x432.jpg 768w, https:\/\/guaymas.gob.mx\/boletin\/wp-content\/uploads\/2025\/03\/Rey-momo2-1536x864.jpg 1536w, https:\/\/guaymas.gob.mx\/boletin\/wp-content\/uploads\/2025\/03\/Rey-momo2.jpg 1600w\" sizes=\"auto, (max-width: 1024px) 100vw, 1024px\" \/><\/figure>\n<\/div>\n\n\n<p>La procesi\u00f3n del \u201cMal Humor\u201d recorri\u00f3 desde la calle 20 hasta llegar a la Plaza Tres Presidentes donde fue juzgado por sus acciones y condenado, no sin antes dejar un \u201ctestamento\u201d a diferentes personajes de Guaymas; este a\u00f1o la \u201cQuema del Humor fue a &#8220;La migra&#8221;.<\/p>\n\n\n\n<p>Estuvo presente en representaci\u00f3n del Comandante de la Segunda Regi\u00f3n Naval, Daniel Escobedo, el Capit\u00e1n Jos\u00e9 Luis Lagunes Paredes, Jefe Administrativo de la Segunda Regi\u00f3n Naval; el Contralmirante Manuel Torres Garc\u00eda, Capit\u00e1n de Puerto Regional; el regidor Ra\u00fal Molina Corral, corte real 2024 y corte real 2025, funcionarios y comunidad de Guaymas.<\/p>\n","protected":false},"excerpt":{"rendered":"<p>El Ayuntamiento de Guaymas a trav\u00e9s de la direcci\u00f3n de Desarrollo Econ\u00f3mico y Tur\u00edstico junto a la Coordinaci\u00f3n de Festividades realiz\u00f3 la ceremonia de coronaci\u00f3n de Daniel D\u00edaz Rodr\u00edguez como rey del Carnaval Guaymas 2025 \u00a1La fiesta es nuestra! en la Plaza Tres Presidentes, adem\u00e1s se llev\u00f3 a cabo la procesi\u00f3n y \u201cQuema del Mal [&hellip;]<\/p>\n","protected":false},"author":2,"featured_media":454,"comment_status":"closed","ping_status":"open","sticky":false,"template":"","format":"standard","meta":{"_jetpack_memberships_contains_paid_content":false,"footnotes":""},"categories":[92],"tags":[27,45,64,5,43],"class_list":["post-453","post","type-post","status-publish","format-standard","has-post-thumbnail","hentry","category-carnaval","tag-ayuntamiento","tag-ayuntamiento-de-guaymas","tag-carnaval-guaymas","tag-guaymas","tag-karla-cordova"],"jetpack_featured_media_url":"https:\/\/guaymas.gob.mx\/boletin\/wp-content\/uploads\/2025\/03\/Rey-momo.jpg","jetpack_sharing_enabled":true,"_links":{"self":[{"href":"https:\/\/guaymas.gob.mx\/boletin\/wp-json\/wp\/v2\/posts\/453","targetHints":{"allow":["GET"]}}],"collection":[{"href":"https:\/\/guaymas.gob.mx\/boletin\/wp-json\/wp\/v2\/posts"}],"about":[{"href":"https:\/\/guaymas.gob.mx\/boletin\/wp-json\/wp\/v2\/types\/post"}],"author":[{"embeddable":true,"href":"https:\/\/guaymas.gob.mx\/boletin\/wp-json\/wp\/v2\/users\/2"}],"replies":[{"embeddable":true,"href":"https:\/\/guaymas.gob.mx\/boletin\/wp-json\/wp\/v2\/comments?post=453"}],"version-history":[{"count":1,"href":"https:\/\/guaymas.gob.mx\/boletin\/wp-json\/wp\/v2\/posts\/453\/revisions"}],"predecessor-version":[{"id":457,"href":"https:\/\/guaymas.gob.mx\/boletin\/wp-json\/wp\/v2\/posts\/453\/revisions\/457"}],"wp:featuredmedia":[{"embeddable":true,"href":"https:\/\/guaymas.gob.mx\/boletin\/wp-json\/wp\/v2\/media\/454"}],"wp:attachment":[{"href":"https:\/\/guaymas.gob.mx\/boletin\/wp-json\/wp\/v2\/media?parent=453"}],"wp:term":[{"taxonomy":"category","embeddable":true,"href":"https:\/\/guaymas.gob.mx\/boletin\/wp-json\/wp\/v2\/categories?post=453"},{"taxonomy":"post_tag","embeddable":true,"href":"https:\/\/guaymas.gob.mx\/boletin\/wp-json\/wp\/v2\/tags?post=453"}],"curies":[{"name":"wp","href":"https:\/\/api.w.org\/{rel}","templated":true}]}}