{"id":2238,"date":"2026-04-28T09:26:23","date_gmt":"2026-04-28T16:26:23","guid":{"rendered":"https:\/\/guaymas.gob.mx\/boletin\/?p=2238"},"modified":"2026-04-30T09:40:00","modified_gmt":"2026-04-30T16:40:00","slug":"toman-protesta-integrantes-del-cabildo-y-administracion-infantil-2026","status":"publish","type":"post","link":"https:\/\/guaymas.gob.mx\/boletin\/2026\/04\/toman-protesta-integrantes-del-cabildo-y-administracion-infantil-2026\/","title":{"rendered":"Toman protesta integrantes del Cabildo y administraci\u00f3n Infantil 2026"},"content":{"rendered":"\n<p><\/p>\n\n\n\n<p>Como parte de las actividades conmemorativas del D\u00eda del Ni\u00f1o y la Ni\u00f1a organizadas por el Ayuntamiento de Guaymas a trav\u00e9s de la coordinaci\u00f3n de Acci\u00f3n C\u00edvica y sector educativo, este martes rindieron protesta las y los integrantes de la administraci\u00f3n y Cabildo Infantil 2026, bajo el lema \u201cCuidemos el medio ambiente, te cuento c\u00f3mo hacerlo\u201d.<\/p>\n\n\n<div class=\"wp-block-image\">\n<figure class=\"aligncenter size-large\"><img loading=\"lazy\" decoding=\"async\" width=\"1024\" height=\"576\" src=\"https:\/\/guaymas.gob.mx\/boletin\/wp-content\/uploads\/2026\/04\/Diseno-sin-titulo-86-1024x576.jpg\" alt=\"\" class=\"wp-image-2240\" srcset=\"https:\/\/guaymas.gob.mx\/boletin\/wp-content\/uploads\/2026\/04\/Diseno-sin-titulo-86-1024x576.jpg 1024w, https:\/\/guaymas.gob.mx\/boletin\/wp-content\/uploads\/2026\/04\/Diseno-sin-titulo-86-300x169.jpg 300w, https:\/\/guaymas.gob.mx\/boletin\/wp-content\/uploads\/2026\/04\/Diseno-sin-titulo-86-768x432.jpg 768w, https:\/\/guaymas.gob.mx\/boletin\/wp-content\/uploads\/2026\/04\/Diseno-sin-titulo-86.jpg 1536w\" sizes=\"auto, (max-width: 1024px) 100vw, 1024px\" \/><\/figure>\n<\/div>\n\n\n<p>Esta actividad celebrada en el Auditorio C\u00edvico Municipal, cont\u00f3 con la participaci\u00f3n de la escolta de bandera de la Segunda Regi\u00f3n Naval, as\u00ed como con la intervenci\u00f3n de la alumna Valeria Lozan\u00eda F\u00e9lix de la escuela Ricardo P\u00e9rez, quien estuvo a cargo del Juramento al L\u00e1baro Patrio.<\/p>\n\n\n<div class=\"wp-block-image\">\n<figure class=\"aligncenter size-large\"><img loading=\"lazy\" decoding=\"async\" width=\"1024\" height=\"576\" src=\"https:\/\/guaymas.gob.mx\/boletin\/wp-content\/uploads\/2026\/04\/Diseno-sin-titulo-87-1024x576.jpg\" alt=\"\" class=\"wp-image-2241\" srcset=\"https:\/\/guaymas.gob.mx\/boletin\/wp-content\/uploads\/2026\/04\/Diseno-sin-titulo-87-1024x576.jpg 1024w, https:\/\/guaymas.gob.mx\/boletin\/wp-content\/uploads\/2026\/04\/Diseno-sin-titulo-87-300x169.jpg 300w, https:\/\/guaymas.gob.mx\/boletin\/wp-content\/uploads\/2026\/04\/Diseno-sin-titulo-87-768x432.jpg 768w, https:\/\/guaymas.gob.mx\/boletin\/wp-content\/uploads\/2026\/04\/Diseno-sin-titulo-87.jpg 1536w\" sizes=\"auto, (max-width: 1024px) 100vw, 1024px\" \/><\/figure>\n<\/div>\n\n\n<p>La presidenta municipal, doctora Karla C\u00f3rdova Gonz\u00e1lez, fue la encargada de tomar protesta a las y los servidores p\u00fablicos infantiles, quienes por un d\u00eda asumir\u00e1n los trabajos a favor de las familias guaymenses.<\/p>\n\n\n<div class=\"wp-block-image\">\n<figure class=\"aligncenter size-large\"><img loading=\"lazy\" decoding=\"async\" width=\"1024\" height=\"576\" src=\"https:\/\/guaymas.gob.mx\/boletin\/wp-content\/uploads\/2026\/04\/Diseno-sin-titulo-88-1024x576.jpg\" alt=\"\" class=\"wp-image-2242\" srcset=\"https:\/\/guaymas.gob.mx\/boletin\/wp-content\/uploads\/2026\/04\/Diseno-sin-titulo-88-1024x576.jpg 1024w, https:\/\/guaymas.gob.mx\/boletin\/wp-content\/uploads\/2026\/04\/Diseno-sin-titulo-88-300x169.jpg 300w, https:\/\/guaymas.gob.mx\/boletin\/wp-content\/uploads\/2026\/04\/Diseno-sin-titulo-88-768x432.jpg 768w, https:\/\/guaymas.gob.mx\/boletin\/wp-content\/uploads\/2026\/04\/Diseno-sin-titulo-88.jpg 1536w\" sizes=\"auto, (max-width: 1024px) 100vw, 1024px\" \/><\/figure>\n<\/div>\n\n\n<p>A su vez, la presidenta infantil, Constanza Ariel Gonz\u00e1lez Robles, alumna de la escuela Antonio Montes Garc\u00eda tom\u00f3 protesta a los funcionarios de la Administraci\u00f3n Infantil 2026, quien tambi\u00e9n dirigi\u00f3 un mensaje en el que mencion\u00f3 la importancia de la participaci\u00f3n de la ni\u00f1ez en la construcci\u00f3n de un mejor municipio.<\/p>\n\n\n\n<p>Por su parte, la alcaldesa C\u00f3rdova Gonz\u00e1lez felicit\u00f3 a las y los ni\u00f1os por su entusiasmo y compromiso, reconociendo su papel como representantes de la ni\u00f1ez y ejemplo de responsabilidad c\u00edvica, quienes representar\u00e1n este Cabildo gracias a su esfuerzo escolar y conocer\u00e1n el trabajo que realizan los funcionarios p\u00fablicos.<\/p>\n\n\n<div class=\"wp-block-image\">\n<figure class=\"aligncenter size-large\"><img loading=\"lazy\" decoding=\"async\" width=\"1024\" height=\"576\" src=\"https:\/\/guaymas.gob.mx\/boletin\/wp-content\/uploads\/2026\/04\/Diseno-sin-titulo-89-1024x576.jpg\" alt=\"\" class=\"wp-image-2243\" srcset=\"https:\/\/guaymas.gob.mx\/boletin\/wp-content\/uploads\/2026\/04\/Diseno-sin-titulo-89-1024x576.jpg 1024w, https:\/\/guaymas.gob.mx\/boletin\/wp-content\/uploads\/2026\/04\/Diseno-sin-titulo-89-300x169.jpg 300w, https:\/\/guaymas.gob.mx\/boletin\/wp-content\/uploads\/2026\/04\/Diseno-sin-titulo-89-768x432.jpg 768w, https:\/\/guaymas.gob.mx\/boletin\/wp-content\/uploads\/2026\/04\/Diseno-sin-titulo-89.jpg 1536w\" sizes=\"auto, (max-width: 1024px) 100vw, 1024px\" \/><\/figure>\n<\/div>\n\n\n<p>Al t\u00e9rmino de la ceremonia, las y los funcionarios municipales se trasladaron a Palacio Municipal, donde cada regidor infantil present\u00f3 propuestas enfocadas principalmente en el cuidado del medio ambiente y cuidado de la ni\u00f1ez mismas que fueron aprobadas.<\/p>\n\n\n\n<p>Finalmente, la jornada concluy\u00f3 con una visita al Delfinario Sonora, como parte de las actividades recreativas preparadas para las y los participantes.<\/p>\n\n\n<div class=\"wp-block-image\">\n<figure class=\"aligncenter size-large\"><img loading=\"lazy\" decoding=\"async\" width=\"1024\" height=\"576\" src=\"https:\/\/guaymas.gob.mx\/boletin\/wp-content\/uploads\/2026\/04\/Diseno-sin-titulo-90-1024x576.jpg\" alt=\"\" class=\"wp-image-2244\" srcset=\"https:\/\/guaymas.gob.mx\/boletin\/wp-content\/uploads\/2026\/04\/Diseno-sin-titulo-90-1024x576.jpg 1024w, https:\/\/guaymas.gob.mx\/boletin\/wp-content\/uploads\/2026\/04\/Diseno-sin-titulo-90-300x169.jpg 300w, https:\/\/guaymas.gob.mx\/boletin\/wp-content\/uploads\/2026\/04\/Diseno-sin-titulo-90-768x432.jpg 768w, https:\/\/guaymas.gob.mx\/boletin\/wp-content\/uploads\/2026\/04\/Diseno-sin-titulo-90.jpg 1536w\" sizes=\"auto, (max-width: 1024px) 100vw, 1024px\" \/><\/figure>\n<\/div>\n\n\n<p>Presentes el S\u00edndico Municipal Celestino Sarabia Tautimez; el Secretario del Ayuntamiento Herman Aaron Garc\u00eda Luna; cuerpo de regidores y funcionarios; en representaci\u00f3n del Comandante de la Segunda Regi\u00f3n Naval Juan Mart\u00edn Aguilar Morales, acudi\u00f3 la teniente Bertha Alicia Hern\u00e1ndez N\u00fa\u00f1ez.<\/p>\n\n\n\n<p>As\u00ed como el Delegado de la SEC Carlos Alberto Burrola C\u00f3rdova; la Coordinadora de la secci\u00f3n 54 del SNTE Jazm\u00edn Mungarro Valenzuela; la Coordinadora del SNTE Secci\u00f3n 28 Matilde Ruiz Valencia; la supervisora de Educaci\u00f3n Especial Federal Rita Idalia Maz\u00f3n Soto; en representaci\u00f3n de Manuel de Jes\u00fas Silva Morales, de la Jefatura de sector 002 primarias estatales, acudi\u00f3 Mar\u00eda Guadalupe Rasc\u00f3n Cota, de la inspecci\u00f3n de primaria estatal 15; en representaci\u00f3n de la supervisora de la zona escolar 27 Ver\u00f3nica Mu\u00f1oz acudi\u00f3 Juan Iv\u00e1n S\u00e1nchez Rasc\u00f3n as\u00ed como la supervisora de Educaci\u00f3n especial zona 21 Celia Jim\u00e9nez Ochoa y Luz Beatriz Guti\u00e9rrez V\u00e1zquez, de la inspecci\u00f3n escolar 65.<\/p>\n","protected":false},"excerpt":{"rendered":"<p>Como parte de las actividades conmemorativas del D\u00eda del Ni\u00f1o y la Ni\u00f1a organizadas por el Ayuntamiento de Guaymas a trav\u00e9s de la coordinaci\u00f3n de Acci\u00f3n C\u00edvica y sector educativo, este martes rindieron protesta las y los integrantes de la administraci\u00f3n y Cabildo Infantil 2026, bajo el lema \u201cCuidemos el medio ambiente, te cuento c\u00f3mo [&hellip;]<\/p>\n","protected":false},"author":2,"featured_media":2239,"comment_status":"closed","ping_status":"open","sticky":false,"template":"","format":"standard","meta":{"_jetpack_memberships_contains_paid_content":false,"footnotes":""},"categories":[8,23],"tags":[27,45,5,43],"class_list":["post-2238","post","type-post","status-publish","format-standard","has-post-thumbnail","hentry","category-accion-civica","category-presidencia","tag-ayuntamiento","tag-ayuntamiento-de-guaymas","tag-guaymas","tag-karla-cordova"],"jetpack_featured_media_url":"https:\/\/guaymas.gob.mx\/boletin\/wp-content\/uploads\/2026\/04\/Diseno-sin-titulo-85.jpg","jetpack_sharing_enabled":true,"_links":{"self":[{"href":"https:\/\/guaymas.gob.mx\/boletin\/wp-json\/wp\/v2\/posts\/2238","targetHints":{"allow":["GET"]}}],"collection":[{"href":"https:\/\/guaymas.gob.mx\/boletin\/wp-json\/wp\/v2\/posts"}],"about":[{"href":"https:\/\/guaymas.gob.mx\/boletin\/wp-json\/wp\/v2\/types\/post"}],"author":[{"embeddable":true,"href":"https:\/\/guaymas.gob.mx\/boletin\/wp-json\/wp\/v2\/users\/2"}],"replies":[{"embeddable":true,"href":"https:\/\/guaymas.gob.mx\/boletin\/wp-json\/wp\/v2\/comments?post=2238"}],"version-history":[{"count":2,"href":"https:\/\/guaymas.gob.mx\/boletin\/wp-json\/wp\/v2\/posts\/2238\/revisions"}],"predecessor-version":[{"id":2246,"href":"https:\/\/guaymas.gob.mx\/boletin\/wp-json\/wp\/v2\/posts\/2238\/revisions\/2246"}],"wp:featuredmedia":[{"embeddable":true,"href":"https:\/\/guaymas.gob.mx\/boletin\/wp-json\/wp\/v2\/media\/2239"}],"wp:attachment":[{"href":"https:\/\/guaymas.gob.mx\/boletin\/wp-json\/wp\/v2\/media?parent=2238"}],"wp:term":[{"taxonomy":"category","embeddable":true,"href":"https:\/\/guaymas.gob.mx\/boletin\/wp-json\/wp\/v2\/categories?post=2238"},{"taxonomy":"post_tag","embeddable":true,"href":"https:\/\/guaymas.gob.mx\/boletin\/wp-json\/wp\/v2\/tags?post=2238"}],"curies":[{"name":"wp","href":"https:\/\/api.w.org\/{rel}","templated":true}]}}