{"id":2230,"date":"2026-04-29T09:20:23","date_gmt":"2026-04-29T16:20:23","guid":{"rendered":"https:\/\/guaymas.gob.mx\/boletin\/?p=2230"},"modified":"2026-04-30T09:25:49","modified_gmt":"2026-04-30T16:25:49","slug":"realiza-ayuntamiento-de-guaymas-la-primera-eliminatoria-del-concurso-de-talentos-cantemos-por-la-paz","status":"publish","type":"post","link":"https:\/\/guaymas.gob.mx\/boletin\/2026\/04\/realiza-ayuntamiento-de-guaymas-la-primera-eliminatoria-del-concurso-de-talentos-cantemos-por-la-paz\/","title":{"rendered":"Realiza Ayuntamiento de Guaymas la primera eliminatoria del concurso de talentos \u201cCantemos por la paz\u201d"},"content":{"rendered":"\n<p>Para impulsar espacios de expresi\u00f3n donde el arte y la cultura fomenten la convivencia y el bienestar entre las familias, este mi\u00e9rcoles se realiz\u00f3 la primera eliminatoria del concurso de talentos \u201cCantemos por la paz\u201d en el sector Misioneros en Guaymas Norte, con la participaci\u00f3n de 13 ni\u00f1as, ni\u00f1os y j\u00f3venes.<\/p>\n\n\n<div class=\"wp-block-image\">\n<figure class=\"aligncenter size-large\"><img loading=\"lazy\" decoding=\"async\" width=\"1024\" height=\"576\" src=\"https:\/\/guaymas.gob.mx\/boletin\/wp-content\/uploads\/2026\/04\/Diseno-sin-titulo-81-1024x576.jpg\" alt=\"\" class=\"wp-image-2232\" srcset=\"https:\/\/guaymas.gob.mx\/boletin\/wp-content\/uploads\/2026\/04\/Diseno-sin-titulo-81-1024x576.jpg 1024w, https:\/\/guaymas.gob.mx\/boletin\/wp-content\/uploads\/2026\/04\/Diseno-sin-titulo-81-300x169.jpg 300w, https:\/\/guaymas.gob.mx\/boletin\/wp-content\/uploads\/2026\/04\/Diseno-sin-titulo-81-768x432.jpg 768w, https:\/\/guaymas.gob.mx\/boletin\/wp-content\/uploads\/2026\/04\/Diseno-sin-titulo-81.jpg 1536w\" sizes=\"auto, (max-width: 1024px) 100vw, 1024px\" \/><\/figure>\n<\/div>\n\n\n<p>Esta actividad fue impulsada por el Ayuntamiento de Guaymas a trav\u00e9s de la Coordinaci\u00f3n de Cultura y Arte y DIF Guaymas y forma parte del programa Cultura para la Transformaci\u00f3n, que promueve la integraci\u00f3n social, el bienestar y la construcci\u00f3n de la paz en nuestras comunidades.<\/p>\n\n\n<div class=\"wp-block-image\">\n<figure class=\"aligncenter size-large\"><img loading=\"lazy\" decoding=\"async\" width=\"1024\" height=\"576\" src=\"https:\/\/guaymas.gob.mx\/boletin\/wp-content\/uploads\/2026\/04\/Diseno-sin-titulo-83-1024x576.jpg\" alt=\"\" class=\"wp-image-2234\" srcset=\"https:\/\/guaymas.gob.mx\/boletin\/wp-content\/uploads\/2026\/04\/Diseno-sin-titulo-83-1024x576.jpg 1024w, https:\/\/guaymas.gob.mx\/boletin\/wp-content\/uploads\/2026\/04\/Diseno-sin-titulo-83-300x169.jpg 300w, https:\/\/guaymas.gob.mx\/boletin\/wp-content\/uploads\/2026\/04\/Diseno-sin-titulo-83-768x432.jpg 768w, https:\/\/guaymas.gob.mx\/boletin\/wp-content\/uploads\/2026\/04\/Diseno-sin-titulo-83.jpg 1536w\" sizes=\"auto, (max-width: 1024px) 100vw, 1024px\" \/><\/figure>\n<\/div>\n\n\n<p>En su mensaje, la presidenta municipal, doctora Karla C\u00f3rdova Gonz\u00e1lez, resalt\u00f3 la importancia de realizar estos eventos en favor de la paz, destacando que es una iniciativa muy esperada, ya que la mejor forma de reconstruir el tejido social es a trav\u00e9s de la cultura y el deporte.<\/p>\n\n\n\n<p>En esta primera eliminatoria participaron como jueces Karla Cebreros Cota, vocalista de La Ruckeada; Luis Castillo, director de la Orquesta Filarm\u00f3nica Juvenil Fray Ivo Toneck, y Gerardo L\u00f3pez F\u00e9lix, integrante del grupo Los Brujos.<\/p>\n\n\n<div class=\"wp-block-image\">\n<figure class=\"aligncenter size-large\"><img loading=\"lazy\" decoding=\"async\" width=\"1024\" height=\"576\" src=\"https:\/\/guaymas.gob.mx\/boletin\/wp-content\/uploads\/2026\/04\/Diseno-sin-titulo-82-1024x576.jpg\" alt=\"\" class=\"wp-image-2233\" srcset=\"https:\/\/guaymas.gob.mx\/boletin\/wp-content\/uploads\/2026\/04\/Diseno-sin-titulo-82-1024x576.jpg 1024w, https:\/\/guaymas.gob.mx\/boletin\/wp-content\/uploads\/2026\/04\/Diseno-sin-titulo-82-300x169.jpg 300w, https:\/\/guaymas.gob.mx\/boletin\/wp-content\/uploads\/2026\/04\/Diseno-sin-titulo-82-768x432.jpg 768w, https:\/\/guaymas.gob.mx\/boletin\/wp-content\/uploads\/2026\/04\/Diseno-sin-titulo-82.jpg 1536w\" sizes=\"auto, (max-width: 1024px) 100vw, 1024px\" \/><\/figure>\n<\/div>\n\n\n<p>Los ganadores en la categor\u00eda de 10 a 17 a\u00f1os fueron Dulce Mar\u00eda Barr\u00f3n Soto, Jennifer Am\u00e9rica Robles Verdugo e Iv\u00e1n Alexis Camacho Borb\u00f3n; mientras que en la categor\u00eda juvenil de 18 a 25 a\u00f1os resultaron ganadores Ximena Barr\u00f3n Soto, V\u00edctor Eduardo Vel\u00e1zquez y Jes\u00fas Angulo Corral.<\/p>\n\n\n<div class=\"wp-block-image\">\n<figure class=\"aligncenter size-large\"><img loading=\"lazy\" decoding=\"async\" width=\"1024\" height=\"576\" src=\"https:\/\/guaymas.gob.mx\/boletin\/wp-content\/uploads\/2026\/04\/Diseno-sin-titulo-84-1024x576.jpg\" alt=\"\" class=\"wp-image-2235\" srcset=\"https:\/\/guaymas.gob.mx\/boletin\/wp-content\/uploads\/2026\/04\/Diseno-sin-titulo-84-1024x576.jpg 1024w, https:\/\/guaymas.gob.mx\/boletin\/wp-content\/uploads\/2026\/04\/Diseno-sin-titulo-84-300x169.jpg 300w, https:\/\/guaymas.gob.mx\/boletin\/wp-content\/uploads\/2026\/04\/Diseno-sin-titulo-84-768x432.jpg 768w, https:\/\/guaymas.gob.mx\/boletin\/wp-content\/uploads\/2026\/04\/Diseno-sin-titulo-84.jpg 1536w\" sizes=\"auto, (max-width: 1024px) 100vw, 1024px\" \/><\/figure>\n<\/div>\n\n\n<p>La segunda eliminatoria se llevar\u00e1 a cabo en la colonia 13 de Julio, y la gran final ser\u00e1 el pr\u00f3ximo 15 de mayo en la plaza Tres Presidentes, donde se entregar\u00e1n premios a los tres primeros lugares.<\/p>\n\n\n\n<p>Presentes, la regidora presidenta de la Comisi\u00f3n de Educaci\u00f3n y Cultura, Alma Ivonne Cota Lugo; el Secretario del Ayuntamiento Herman Aaron Garc\u00eda Luna; el presidente del patronato de DIF Guaymas, Jes\u00fas C\u00f3rdova Gonz\u00e1lez y funcionarios municipales.<\/p>\n","protected":false},"excerpt":{"rendered":"<p>Para impulsar espacios de expresi\u00f3n donde el arte y la cultura fomenten la convivencia y el bienestar entre las familias, este mi\u00e9rcoles se realiz\u00f3 la primera eliminatoria del concurso de talentos \u201cCantemos por la paz\u201d en el sector Misioneros en Guaymas Norte, con la participaci\u00f3n de 13 ni\u00f1as, ni\u00f1os y j\u00f3venes. Esta actividad fue impulsada [&hellip;]<\/p>\n","protected":false},"author":2,"featured_media":2231,"comment_status":"closed","ping_status":"open","sticky":false,"template":"","format":"standard","meta":{"_jetpack_memberships_contains_paid_content":false,"footnotes":""},"categories":[114,23],"tags":[27,45,5,43],"class_list":["post-2230","post","type-post","status-publish","format-standard","has-post-thumbnail","hentry","category-cultura-y-arte","category-presidencia","tag-ayuntamiento","tag-ayuntamiento-de-guaymas","tag-guaymas","tag-karla-cordova"],"jetpack_featured_media_url":"https:\/\/guaymas.gob.mx\/boletin\/wp-content\/uploads\/2026\/04\/Diseno-sin-titulo-80.jpg","jetpack_sharing_enabled":true,"_links":{"self":[{"href":"https:\/\/guaymas.gob.mx\/boletin\/wp-json\/wp\/v2\/posts\/2230","targetHints":{"allow":["GET"]}}],"collection":[{"href":"https:\/\/guaymas.gob.mx\/boletin\/wp-json\/wp\/v2\/posts"}],"about":[{"href":"https:\/\/guaymas.gob.mx\/boletin\/wp-json\/wp\/v2\/types\/post"}],"author":[{"embeddable":true,"href":"https:\/\/guaymas.gob.mx\/boletin\/wp-json\/wp\/v2\/users\/2"}],"replies":[{"embeddable":true,"href":"https:\/\/guaymas.gob.mx\/boletin\/wp-json\/wp\/v2\/comments?post=2230"}],"version-history":[{"count":2,"href":"https:\/\/guaymas.gob.mx\/boletin\/wp-json\/wp\/v2\/posts\/2230\/revisions"}],"predecessor-version":[{"id":2237,"href":"https:\/\/guaymas.gob.mx\/boletin\/wp-json\/wp\/v2\/posts\/2230\/revisions\/2237"}],"wp:featuredmedia":[{"embeddable":true,"href":"https:\/\/guaymas.gob.mx\/boletin\/wp-json\/wp\/v2\/media\/2231"}],"wp:attachment":[{"href":"https:\/\/guaymas.gob.mx\/boletin\/wp-json\/wp\/v2\/media?parent=2230"}],"wp:term":[{"taxonomy":"category","embeddable":true,"href":"https:\/\/guaymas.gob.mx\/boletin\/wp-json\/wp\/v2\/categories?post=2230"},{"taxonomy":"post_tag","embeddable":true,"href":"https:\/\/guaymas.gob.mx\/boletin\/wp-json\/wp\/v2\/tags?post=2230"}],"curies":[{"name":"wp","href":"https:\/\/api.w.org\/{rel}","templated":true}]}}