{"id":2214,"date":"2026-04-27T08:35:02","date_gmt":"2026-04-27T15:35:02","guid":{"rendered":"https:\/\/guaymas.gob.mx\/boletin\/?p=2214"},"modified":"2026-04-28T08:42:10","modified_gmt":"2026-04-28T15:42:10","slug":"atiende-ayuntamiento-de-guaymas-reportes-vecinales-con-jornada-de-fumigacion-en-pradera-dorada","status":"publish","type":"post","link":"https:\/\/guaymas.gob.mx\/boletin\/2026\/04\/atiende-ayuntamiento-de-guaymas-reportes-vecinales-con-jornada-de-fumigacion-en-pradera-dorada\/","title":{"rendered":"Atiende Ayuntamiento de Guaymas reportes vecinales con jornada de fumigaci\u00f3n en Pradera Dorada"},"content":{"rendered":"\n<p>Por instrucciones de la presidenta municipal, doctora Karla C\u00f3rdova Gonz\u00e1lez, personal de Salud P\u00fablica Municipal en coordinaci\u00f3n con Servicios P\u00fablicos, llev\u00f3 a cabo una jornada de fumigaci\u00f3n en el fraccionamiento Pradera Dorada, atendiendo reportes ciudadanos sobre la presencia de \u00e1caros en diferentes viviendas del sector.<\/p>\n\n\n<div class=\"wp-block-image\">\n<figure class=\"aligncenter size-large\"><img loading=\"lazy\" decoding=\"async\" width=\"1024\" height=\"576\" src=\"https:\/\/guaymas.gob.mx\/boletin\/wp-content\/uploads\/2026\/04\/Diseno-sin-titulo-74-1024x576.jpg\" alt=\"\" class=\"wp-image-2216\" srcset=\"https:\/\/guaymas.gob.mx\/boletin\/wp-content\/uploads\/2026\/04\/Diseno-sin-titulo-74-1024x576.jpg 1024w, https:\/\/guaymas.gob.mx\/boletin\/wp-content\/uploads\/2026\/04\/Diseno-sin-titulo-74-300x169.jpg 300w, https:\/\/guaymas.gob.mx\/boletin\/wp-content\/uploads\/2026\/04\/Diseno-sin-titulo-74-768x432.jpg 768w, https:\/\/guaymas.gob.mx\/boletin\/wp-content\/uploads\/2026\/04\/Diseno-sin-titulo-74.jpg 1536w\" sizes=\"auto, (max-width: 1024px) 100vw, 1024px\" \/><\/figure>\n<\/div>\n\n\n<p>Durante esta acci\u00f3n, la directora de Salud P\u00fablica Municipal, Austria Castro Gracia, acudi\u00f3 personalmente al lugar para dialogar con las y los vecinos, escuchar sus inquietudes y revisar de manera directa la situaci\u00f3n que se presenta en la zona.<\/p>\n\n\n<div class=\"wp-block-image\">\n<figure class=\"aligncenter size-large\"><img loading=\"lazy\" decoding=\"async\" width=\"1024\" height=\"576\" src=\"https:\/\/guaymas.gob.mx\/boletin\/wp-content\/uploads\/2026\/04\/Diseno-sin-titulo-75-1024x576.jpg\" alt=\"\" class=\"wp-image-2217\" srcset=\"https:\/\/guaymas.gob.mx\/boletin\/wp-content\/uploads\/2026\/04\/Diseno-sin-titulo-75-1024x576.jpg 1024w, https:\/\/guaymas.gob.mx\/boletin\/wp-content\/uploads\/2026\/04\/Diseno-sin-titulo-75-300x169.jpg 300w, https:\/\/guaymas.gob.mx\/boletin\/wp-content\/uploads\/2026\/04\/Diseno-sin-titulo-75-768x432.jpg 768w, https:\/\/guaymas.gob.mx\/boletin\/wp-content\/uploads\/2026\/04\/Diseno-sin-titulo-75.jpg 1536w\" sizes=\"auto, (max-width: 1024px) 100vw, 1024px\" \/><\/figure>\n<\/div>\n\n\n<p>Castro Gracia destac\u00f3 la importancia de trabajar de la mano con la comunidad para mantener patios, banquetas y espacios comunes limpios, libres de cacharros y objetos en desuso, ya que la acumulaci\u00f3n de basura, maleza o recipientes puede favorecer la presencia de fauna nociva.<\/p>\n\n\n<div class=\"wp-block-image\">\n<figure class=\"aligncenter size-large\"><img loading=\"lazy\" decoding=\"async\" width=\"1024\" height=\"576\" src=\"https:\/\/guaymas.gob.mx\/boletin\/wp-content\/uploads\/2026\/04\/Diseno-sin-titulo-76-1024x576.jpg\" alt=\"\" class=\"wp-image-2218\" srcset=\"https:\/\/guaymas.gob.mx\/boletin\/wp-content\/uploads\/2026\/04\/Diseno-sin-titulo-76-1024x576.jpg 1024w, https:\/\/guaymas.gob.mx\/boletin\/wp-content\/uploads\/2026\/04\/Diseno-sin-titulo-76-300x169.jpg 300w, https:\/\/guaymas.gob.mx\/boletin\/wp-content\/uploads\/2026\/04\/Diseno-sin-titulo-76-768x432.jpg 768w, https:\/\/guaymas.gob.mx\/boletin\/wp-content\/uploads\/2026\/04\/Diseno-sin-titulo-76.jpg 1536w\" sizes=\"auto, (max-width: 1024px) 100vw, 1024px\" \/><\/figure>\n<\/div>\n\n\n<p>Se\u00f1al\u00f3 que estas labores forman parte de las acciones preventivas que impulsa el Ayuntamiento de Guaymas para proteger la salud de las familias, atendiendo de manera oportuna los reportes ciudadanos y fortaleciendo la coordinaci\u00f3n entre dependencias municipales.<\/p>\n\n\n\n<p>El Ayuntamiento de Guaymas reiter\u00f3 el llamado a la ciudadan\u00eda a colaborar manteniendo limpios sus hogares y entornos, sacando cacharros y evitando acumulaciones que puedan convertirse en focos de riesgo para la salud p\u00fablica.<\/p>\n","protected":false},"excerpt":{"rendered":"<p>Por instrucciones de la presidenta municipal, doctora Karla C\u00f3rdova Gonz\u00e1lez, personal de Salud P\u00fablica Municipal en coordinaci\u00f3n con Servicios P\u00fablicos, llev\u00f3 a cabo una jornada de fumigaci\u00f3n en el fraccionamiento Pradera Dorada, atendiendo reportes ciudadanos sobre la presencia de \u00e1caros en diferentes viviendas del sector. Durante esta acci\u00f3n, la directora de Salud P\u00fablica Municipal, Austria [&hellip;]<\/p>\n","protected":false},"author":2,"featured_media":2215,"comment_status":"closed","ping_status":"open","sticky":false,"template":"","format":"standard","meta":{"_jetpack_memberships_contains_paid_content":false,"footnotes":""},"categories":[2],"tags":[27,45,5],"class_list":["post-2214","post","type-post","status-publish","format-standard","has-post-thumbnail","hentry","category-salud","tag-ayuntamiento","tag-ayuntamiento-de-guaymas","tag-guaymas"],"jetpack_featured_media_url":"https:\/\/guaymas.gob.mx\/boletin\/wp-content\/uploads\/2026\/04\/Diseno-sin-titulo-73.jpg","jetpack_sharing_enabled":true,"_links":{"self":[{"href":"https:\/\/guaymas.gob.mx\/boletin\/wp-json\/wp\/v2\/posts\/2214","targetHints":{"allow":["GET"]}}],"collection":[{"href":"https:\/\/guaymas.gob.mx\/boletin\/wp-json\/wp\/v2\/posts"}],"about":[{"href":"https:\/\/guaymas.gob.mx\/boletin\/wp-json\/wp\/v2\/types\/post"}],"author":[{"embeddable":true,"href":"https:\/\/guaymas.gob.mx\/boletin\/wp-json\/wp\/v2\/users\/2"}],"replies":[{"embeddable":true,"href":"https:\/\/guaymas.gob.mx\/boletin\/wp-json\/wp\/v2\/comments?post=2214"}],"version-history":[{"count":4,"href":"https:\/\/guaymas.gob.mx\/boletin\/wp-json\/wp\/v2\/posts\/2214\/revisions"}],"predecessor-version":[{"id":2223,"href":"https:\/\/guaymas.gob.mx\/boletin\/wp-json\/wp\/v2\/posts\/2214\/revisions\/2223"}],"wp:featuredmedia":[{"embeddable":true,"href":"https:\/\/guaymas.gob.mx\/boletin\/wp-json\/wp\/v2\/media\/2215"}],"wp:attachment":[{"href":"https:\/\/guaymas.gob.mx\/boletin\/wp-json\/wp\/v2\/media?parent=2214"}],"wp:term":[{"taxonomy":"category","embeddable":true,"href":"https:\/\/guaymas.gob.mx\/boletin\/wp-json\/wp\/v2\/categories?post=2214"},{"taxonomy":"post_tag","embeddable":true,"href":"https:\/\/guaymas.gob.mx\/boletin\/wp-json\/wp\/v2\/tags?post=2214"}],"curies":[{"name":"wp","href":"https:\/\/api.w.org\/{rel}","templated":true}]}}