{"id":2207,"date":"2026-04-25T10:54:15","date_gmt":"2026-04-25T17:54:15","guid":{"rendered":"https:\/\/guaymas.gob.mx\/boletin\/?p=2207"},"modified":"2026-04-27T10:56:29","modified_gmt":"2026-04-27T17:56:29","slug":"realizan-rally-deportivo-de-cadi-en-un-ambiente-de-convivencia-familiar-2","status":"publish","type":"post","link":"https:\/\/guaymas.gob.mx\/boletin\/2026\/04\/realizan-rally-deportivo-de-cadi-en-un-ambiente-de-convivencia-familiar-2\/","title":{"rendered":"Realizan Rally Deportivo de CADI en un ambiente de convivencia familiar"},"content":{"rendered":"\n<p>Con el objetivo de fortalecer la convivencia familiar y promover entornos sanos para el desarrollo de la ni\u00f1ez, el Ayuntamiento de Guaymas, a trav\u00e9s del Sistema DIF Guaymas y en coordinaci\u00f3n con el CADI \u201cZulma V. de Llano\u201d, llev\u00f3 a cabo la ma\u00f1ana de este d\u00eda un Rally Deportivo en el campo de softbol de la colonia Petrolera.<\/p>\n\n\n\n<p>En esta actividad participaron alumnas y alumnos del CADI acompa\u00f1ados de sus madres y padres, quienes disfrutaron de diversas competencias y din\u00e1micas recreativas en un ambiente de alegr\u00eda, integraci\u00f3n y sana convivencia.<\/p>\n\n\n\n<p>En representaci\u00f3n de la presidenta municipal de Guaymas, doctora Karla C\u00f3rdova Gonz\u00e1lez, acudi\u00f3 el tesorero municipal, Daniel Apodaca, quien reconoci\u00f3 la importancia de este tipo de actividades que fortalecen los lazos familiares y fomentan la participaci\u00f3n activa de madres y padres en el desarrollo de sus hijas e hijos.<\/p>\n\n\n<div class=\"wp-block-image\">\n<figure class=\"aligncenter size-large\"><img loading=\"lazy\" decoding=\"async\" width=\"1024\" height=\"576\" src=\"https:\/\/guaymas.gob.mx\/boletin\/wp-content\/uploads\/2026\/04\/Diseno-sin-titulo-69-1024x576.jpg\" alt=\"\" class=\"wp-image-2209\" srcset=\"https:\/\/guaymas.gob.mx\/boletin\/wp-content\/uploads\/2026\/04\/Diseno-sin-titulo-69-1024x576.jpg 1024w, https:\/\/guaymas.gob.mx\/boletin\/wp-content\/uploads\/2026\/04\/Diseno-sin-titulo-69-300x169.jpg 300w, https:\/\/guaymas.gob.mx\/boletin\/wp-content\/uploads\/2026\/04\/Diseno-sin-titulo-69-768x432.jpg 768w, https:\/\/guaymas.gob.mx\/boletin\/wp-content\/uploads\/2026\/04\/Diseno-sin-titulo-69.jpg 1536w\" sizes=\"auto, (max-width: 1024px) 100vw, 1024px\" \/><\/figure>\n<\/div>\n\n\n<p>Durante el evento tambi\u00e9n se cont\u00f3 con la presencia de la directora de DIF Guaymas, Alma Delia Guerrero; Olivia Medina, directora administrativa de DIF; as\u00ed como la coordinadora de CADI, Nora Patricia Gonz\u00e1lez.<\/p>\n\n\n<div class=\"wp-block-image\">\n<figure class=\"aligncenter size-large\"><img loading=\"lazy\" decoding=\"async\" width=\"1024\" height=\"576\" src=\"https:\/\/guaymas.gob.mx\/boletin\/wp-content\/uploads\/2026\/04\/Diseno-sin-titulo-71-1024x576.jpg\" alt=\"\" class=\"wp-image-2210\" srcset=\"https:\/\/guaymas.gob.mx\/boletin\/wp-content\/uploads\/2026\/04\/Diseno-sin-titulo-71-1024x576.jpg 1024w, https:\/\/guaymas.gob.mx\/boletin\/wp-content\/uploads\/2026\/04\/Diseno-sin-titulo-71-300x169.jpg 300w, https:\/\/guaymas.gob.mx\/boletin\/wp-content\/uploads\/2026\/04\/Diseno-sin-titulo-71-768x432.jpg 768w, https:\/\/guaymas.gob.mx\/boletin\/wp-content\/uploads\/2026\/04\/Diseno-sin-titulo-71.jpg 1536w\" sizes=\"auto, (max-width: 1024px) 100vw, 1024px\" \/><\/figure>\n<\/div>\n\n\n<p>Para la presidenta municipal, doctora Karla C\u00f3rdova Gonz\u00e1lez, este tipo de eventos son fundamentales, ya que contribuyen a unir a las familias y permiten que las ni\u00f1as y los ni\u00f1os crezcan en entornos sanos, con convivencia cercana, participaci\u00f3n y acompa\u00f1amiento de sus padres.<\/p>\n\n\n<div class=\"wp-block-image\">\n<figure class=\"aligncenter size-large\"><img loading=\"lazy\" decoding=\"async\" width=\"1024\" height=\"576\" src=\"https:\/\/guaymas.gob.mx\/boletin\/wp-content\/uploads\/2026\/04\/Diseno-sin-titulo-72-1024x576.jpg\" alt=\"\" class=\"wp-image-2211\" srcset=\"https:\/\/guaymas.gob.mx\/boletin\/wp-content\/uploads\/2026\/04\/Diseno-sin-titulo-72-1024x576.jpg 1024w, https:\/\/guaymas.gob.mx\/boletin\/wp-content\/uploads\/2026\/04\/Diseno-sin-titulo-72-300x169.jpg 300w, https:\/\/guaymas.gob.mx\/boletin\/wp-content\/uploads\/2026\/04\/Diseno-sin-titulo-72-768x432.jpg 768w, https:\/\/guaymas.gob.mx\/boletin\/wp-content\/uploads\/2026\/04\/Diseno-sin-titulo-72.jpg 1536w\" sizes=\"auto, (max-width: 1024px) 100vw, 1024px\" \/><\/figure>\n<\/div>\n\n\n<p>A trav\u00e9s de este tipo de actividades, el Ayuntamiento de Guaymas y DIF Guaymas contin\u00faan generando espacios de convivencia, recreaci\u00f3n y desarrollo para las ni\u00f1as y los ni\u00f1os, fortaleciendo al mismo tiempo la uni\u00f3n familiar y los valores en la comunidad.<\/p>\n","protected":false},"excerpt":{"rendered":"<p>Con el objetivo de fortalecer la convivencia familiar y promover entornos sanos para el desarrollo de la ni\u00f1ez, el Ayuntamiento de Guaymas, a trav\u00e9s del Sistema DIF Guaymas y en coordinaci\u00f3n con el CADI \u201cZulma V. de Llano\u201d, llev\u00f3 a cabo la ma\u00f1ana de este d\u00eda un Rally Deportivo en el campo de softbol de [&hellip;]<\/p>\n","protected":false},"author":2,"featured_media":2208,"comment_status":"closed","ping_status":"open","sticky":false,"template":"","format":"standard","meta":{"_jetpack_memberships_contains_paid_content":false,"footnotes":""},"categories":[29],"tags":[27,45,5],"class_list":["post-2207","post","type-post","status-publish","format-standard","has-post-thumbnail","hentry","category-dif","tag-ayuntamiento","tag-ayuntamiento-de-guaymas","tag-guaymas"],"jetpack_featured_media_url":"https:\/\/guaymas.gob.mx\/boletin\/wp-content\/uploads\/2026\/04\/Diseno-sin-titulo-70.jpg","jetpack_sharing_enabled":true,"_links":{"self":[{"href":"https:\/\/guaymas.gob.mx\/boletin\/wp-json\/wp\/v2\/posts\/2207","targetHints":{"allow":["GET"]}}],"collection":[{"href":"https:\/\/guaymas.gob.mx\/boletin\/wp-json\/wp\/v2\/posts"}],"about":[{"href":"https:\/\/guaymas.gob.mx\/boletin\/wp-json\/wp\/v2\/types\/post"}],"author":[{"embeddable":true,"href":"https:\/\/guaymas.gob.mx\/boletin\/wp-json\/wp\/v2\/users\/2"}],"replies":[{"embeddable":true,"href":"https:\/\/guaymas.gob.mx\/boletin\/wp-json\/wp\/v2\/comments?post=2207"}],"version-history":[{"count":1,"href":"https:\/\/guaymas.gob.mx\/boletin\/wp-json\/wp\/v2\/posts\/2207\/revisions"}],"predecessor-version":[{"id":2212,"href":"https:\/\/guaymas.gob.mx\/boletin\/wp-json\/wp\/v2\/posts\/2207\/revisions\/2212"}],"wp:featuredmedia":[{"embeddable":true,"href":"https:\/\/guaymas.gob.mx\/boletin\/wp-json\/wp\/v2\/media\/2208"}],"wp:attachment":[{"href":"https:\/\/guaymas.gob.mx\/boletin\/wp-json\/wp\/v2\/media?parent=2207"}],"wp:term":[{"taxonomy":"category","embeddable":true,"href":"https:\/\/guaymas.gob.mx\/boletin\/wp-json\/wp\/v2\/categories?post=2207"},{"taxonomy":"post_tag","embeddable":true,"href":"https:\/\/guaymas.gob.mx\/boletin\/wp-json\/wp\/v2\/tags?post=2207"}],"curies":[{"name":"wp","href":"https:\/\/api.w.org\/{rel}","templated":true}]}}