{"id":2202,"date":"2026-04-24T10:45:08","date_gmt":"2026-04-24T17:45:08","guid":{"rendered":"https:\/\/guaymas.gob.mx\/boletin\/?p=2202"},"modified":"2026-04-27T10:46:28","modified_gmt":"2026-04-27T17:46:28","slug":"aprueba-cabildo-donacion-de-dos-predios-a-conavi-para-el-programa-de-vivienda-para-el-bienestar","status":"publish","type":"post","link":"https:\/\/guaymas.gob.mx\/boletin\/2026\/04\/aprueba-cabildo-donacion-de-dos-predios-a-conavi-para-el-programa-de-vivienda-para-el-bienestar\/","title":{"rendered":"Aprueba Cabildo donaci\u00f3n de dos predios a CONAVI para el Programa de Vivienda para el Bienestar"},"content":{"rendered":"\n<p><\/p>\n\n\n\n<p>En sesi\u00f3n de Cabildo encabezada por la presidenta municipal, doctora Karla C\u00f3rdova Gonz\u00e1lez, se aprob\u00f3 la donaci\u00f3n de dos bienes inmuebles a favor de la Comisi\u00f3n Nacional de Vivienda (CONAVI), con superficies de 4,081.00 metros cuadrados y 16,837.39 metros cuadrados, que ser\u00e1n destinados al Programa de Vivienda para el Bienestar impulsado por el Gobierno de M\u00e9xico.<\/p>\n\n\n<div class=\"wp-block-image\">\n<figure class=\"aligncenter size-large\"><img loading=\"lazy\" decoding=\"async\" width=\"1024\" height=\"576\" src=\"https:\/\/guaymas.gob.mx\/boletin\/wp-content\/uploads\/2026\/04\/Diseno-sin-titulo-67-1024x576.jpg\" alt=\"\" class=\"wp-image-2204\" srcset=\"https:\/\/guaymas.gob.mx\/boletin\/wp-content\/uploads\/2026\/04\/Diseno-sin-titulo-67-1024x576.jpg 1024w, https:\/\/guaymas.gob.mx\/boletin\/wp-content\/uploads\/2026\/04\/Diseno-sin-titulo-67-300x169.jpg 300w, https:\/\/guaymas.gob.mx\/boletin\/wp-content\/uploads\/2026\/04\/Diseno-sin-titulo-67-768x432.jpg 768w, https:\/\/guaymas.gob.mx\/boletin\/wp-content\/uploads\/2026\/04\/Diseno-sin-titulo-67.jpg 1536w\" sizes=\"auto, (max-width: 1024px) 100vw, 1024px\" \/><\/figure>\n<\/div>\n\n\n<p>Los predios se localizan en Ampliaci\u00f3n Sahuari y en la colonia Centinela, sector Campestre; adem\u00e1s, se aprobaron las bases generales para la exenci\u00f3n o subsidio y condonaci\u00f3n en el pago de derechos, as\u00ed como de cualquier otra contribuci\u00f3n o cobro que sean necesarios para la ejecuci\u00f3n de los trabajos de construcci\u00f3n.<\/p>\n\n\n\n<figure class=\"wp-block-image size-large\"><img loading=\"lazy\" decoding=\"async\" width=\"1024\" height=\"576\" src=\"https:\/\/guaymas.gob.mx\/boletin\/wp-content\/uploads\/2026\/04\/Diseno-sin-titulo-68-1024x576.jpg\" alt=\"\" class=\"wp-image-2205\" srcset=\"https:\/\/guaymas.gob.mx\/boletin\/wp-content\/uploads\/2026\/04\/Diseno-sin-titulo-68-1024x576.jpg 1024w, https:\/\/guaymas.gob.mx\/boletin\/wp-content\/uploads\/2026\/04\/Diseno-sin-titulo-68-300x169.jpg 300w, https:\/\/guaymas.gob.mx\/boletin\/wp-content\/uploads\/2026\/04\/Diseno-sin-titulo-68-768x432.jpg 768w, https:\/\/guaymas.gob.mx\/boletin\/wp-content\/uploads\/2026\/04\/Diseno-sin-titulo-68.jpg 1536w\" sizes=\"auto, (max-width: 1024px) 100vw, 1024px\" \/><\/figure>\n\n\n\n<p>A trav\u00e9s de estas acciones y gracias al fuerte apoyo del gobernador Alfonso Durazo y la presidenta de M\u00e9xico Claudia Sheinbaum Pardo, se trabaja en mejorar la calidad de vida de las familias guaymenses que podr\u00e1n acceder a viviendas dignas.<\/p>\n","protected":false},"excerpt":{"rendered":"<p>En sesi\u00f3n de Cabildo encabezada por la presidenta municipal, doctora Karla C\u00f3rdova Gonz\u00e1lez, se aprob\u00f3 la donaci\u00f3n de dos bienes inmuebles a favor de la Comisi\u00f3n Nacional de Vivienda (CONAVI), con superficies de 4,081.00 metros cuadrados y 16,837.39 metros cuadrados, que ser\u00e1n destinados al Programa de Vivienda para el Bienestar impulsado por el Gobierno de [&hellip;]<\/p>\n","protected":false},"author":2,"featured_media":2203,"comment_status":"closed","ping_status":"open","sticky":false,"template":"","format":"standard","meta":{"_jetpack_memberships_contains_paid_content":false,"footnotes":""},"categories":[84],"tags":[27,45,5],"class_list":["post-2202","post","type-post","status-publish","format-standard","has-post-thumbnail","hentry","category-cabildo","tag-ayuntamiento","tag-ayuntamiento-de-guaymas","tag-guaymas"],"jetpack_featured_media_url":"https:\/\/guaymas.gob.mx\/boletin\/wp-content\/uploads\/2026\/04\/Diseno-sin-titulo-66.jpg","jetpack_sharing_enabled":true,"_links":{"self":[{"href":"https:\/\/guaymas.gob.mx\/boletin\/wp-json\/wp\/v2\/posts\/2202","targetHints":{"allow":["GET"]}}],"collection":[{"href":"https:\/\/guaymas.gob.mx\/boletin\/wp-json\/wp\/v2\/posts"}],"about":[{"href":"https:\/\/guaymas.gob.mx\/boletin\/wp-json\/wp\/v2\/types\/post"}],"author":[{"embeddable":true,"href":"https:\/\/guaymas.gob.mx\/boletin\/wp-json\/wp\/v2\/users\/2"}],"replies":[{"embeddable":true,"href":"https:\/\/guaymas.gob.mx\/boletin\/wp-json\/wp\/v2\/comments?post=2202"}],"version-history":[{"count":1,"href":"https:\/\/guaymas.gob.mx\/boletin\/wp-json\/wp\/v2\/posts\/2202\/revisions"}],"predecessor-version":[{"id":2206,"href":"https:\/\/guaymas.gob.mx\/boletin\/wp-json\/wp\/v2\/posts\/2202\/revisions\/2206"}],"wp:featuredmedia":[{"embeddable":true,"href":"https:\/\/guaymas.gob.mx\/boletin\/wp-json\/wp\/v2\/media\/2203"}],"wp:attachment":[{"href":"https:\/\/guaymas.gob.mx\/boletin\/wp-json\/wp\/v2\/media?parent=2202"}],"wp:term":[{"taxonomy":"category","embeddable":true,"href":"https:\/\/guaymas.gob.mx\/boletin\/wp-json\/wp\/v2\/categories?post=2202"},{"taxonomy":"post_tag","embeddable":true,"href":"https:\/\/guaymas.gob.mx\/boletin\/wp-json\/wp\/v2\/tags?post=2202"}],"curies":[{"name":"wp","href":"https:\/\/api.w.org\/{rel}","templated":true}]}}