{"id":2196,"date":"2026-04-23T10:40:18","date_gmt":"2026-04-23T17:40:18","guid":{"rendered":"https:\/\/guaymas.gob.mx\/boletin\/?p=2196"},"modified":"2026-04-27T10:42:42","modified_gmt":"2026-04-27T17:42:42","slug":"participa-doctora-karla-cordova-gonzalez-en-reunion-de-la-red-distrital-de-municipios-por-la-salud","status":"publish","type":"post","link":"https:\/\/guaymas.gob.mx\/boletin\/2026\/04\/participa-doctora-karla-cordova-gonzalez-en-reunion-de-la-red-distrital-de-municipios-por-la-salud\/","title":{"rendered":"Participa doctora Karla C\u00f3rdova Gonz\u00e1lez en reuni\u00f3n de la Red Distrital de Municipios por la Salud"},"content":{"rendered":"\n<p><\/p>\n\n\n\n<p>Con el prop\u00f3sito de fortalecer la coordinaci\u00f3n entre municipios y sector salud para avanzar en pol\u00edticas p\u00fablicas que respondan a las necesidades de cada regi\u00f3n, la presidenta municipal de Guaymas, doctora Karla C\u00f3rdova Gonz\u00e1lez, particip\u00f3 en la primera sesi\u00f3n ordinaria de la Red Distrital de Municipios por la Salud (RDMS), realizada en el municipio de Cajeme.<\/p>\n\n\n<div class=\"wp-block-image\">\n<figure class=\"aligncenter size-large\"><img loading=\"lazy\" decoding=\"async\" width=\"1024\" height=\"576\" src=\"https:\/\/guaymas.gob.mx\/boletin\/wp-content\/uploads\/2026\/04\/Diseno-sin-titulo-63-1024x576.jpg\" alt=\"\" class=\"wp-image-2198\" srcset=\"https:\/\/guaymas.gob.mx\/boletin\/wp-content\/uploads\/2026\/04\/Diseno-sin-titulo-63-1024x576.jpg 1024w, https:\/\/guaymas.gob.mx\/boletin\/wp-content\/uploads\/2026\/04\/Diseno-sin-titulo-63-300x169.jpg 300w, https:\/\/guaymas.gob.mx\/boletin\/wp-content\/uploads\/2026\/04\/Diseno-sin-titulo-63-768x432.jpg 768w, https:\/\/guaymas.gob.mx\/boletin\/wp-content\/uploads\/2026\/04\/Diseno-sin-titulo-63.jpg 1536w\" sizes=\"auto, (max-width: 1024px) 100vw, 1024px\" \/><\/figure>\n<\/div>\n\n\n<p>Durante su participaci\u00f3n, la alcaldesa agradeci\u00f3 la coordinaci\u00f3n y el respaldo de las autoridades de salud para sacar adelante los temas prioritarios de los municipios, al destacar que este tipo de espacios permiten establecer un plan de trabajo conjunto en beneficio de la poblaci\u00f3n.<\/p>\n\n\n\n<p>Karla C\u00f3rdova Gonz\u00e1lez se\u00f1al\u00f3 que las necesidades en materia de salud no son iguales en todas las regiones, ya que los retos que enfrenta la sierra son distintos a los de la costa o el valle, por lo que consider\u00f3 fundamental trabajar por distritos y mantener una colaboraci\u00f3n permanente entre los municipios y la Secretar\u00eda de Salud.<\/p>\n\n\n\n<p>\u201cSon cosas que se escuchan muy sencillas, pero a veces cuando no hay una buena coordinaci\u00f3n, se traduce en la ausencia de salud de nuestra poblaci\u00f3n. Los recursos siempre van a ser limitados, pero lo m\u00e1s importante es que logremos trabajar juntos para poder hacer que llegue la salud\u201d, expres\u00f3.<\/p>\n\n\n\n<p>La presidenta municipal destac\u00f3 que dentro del plan de trabajo de la Red Distrital se contemplan temas de gran importancia como el control de la poblaci\u00f3n canina y felina, la prevenci\u00f3n de adicciones, la atenci\u00f3n a la salud mental, la sensibilizaci\u00f3n sobre el autocuidado, la prevenci\u00f3n y tratamiento de la obesidad, la prevenci\u00f3n de accidentes y la promoci\u00f3n de una alimentaci\u00f3n adecuada.<\/p>\n\n\n\n<p>Asimismo, record\u00f3 que la salud debe entenderse de manera integral, como bienestar f\u00edsico, mental y social, y no \u00fanicamente como la ausencia de enfermedad, por lo que subray\u00f3 la importancia de atender tambi\u00e9n los factores sociales y emocionales que pueden derivar en problemas graves para las familias, como la violencia familiar, las adicciones y otros padecimientos.<\/p>\n\n\n<div class=\"wp-block-image\">\n<figure class=\"aligncenter size-large\"><img loading=\"lazy\" decoding=\"async\" width=\"1024\" height=\"576\" src=\"https:\/\/guaymas.gob.mx\/boletin\/wp-content\/uploads\/2026\/04\/Diseno-sin-titulo-64-1024x576.jpg\" alt=\"\" class=\"wp-image-2199\" srcset=\"https:\/\/guaymas.gob.mx\/boletin\/wp-content\/uploads\/2026\/04\/Diseno-sin-titulo-64-1024x576.jpg 1024w, https:\/\/guaymas.gob.mx\/boletin\/wp-content\/uploads\/2026\/04\/Diseno-sin-titulo-64-300x169.jpg 300w, https:\/\/guaymas.gob.mx\/boletin\/wp-content\/uploads\/2026\/04\/Diseno-sin-titulo-64-768x432.jpg 768w, https:\/\/guaymas.gob.mx\/boletin\/wp-content\/uploads\/2026\/04\/Diseno-sin-titulo-64.jpg 1536w\" sizes=\"auto, (max-width: 1024px) 100vw, 1024px\" \/><\/figure>\n<\/div>\n\n\n<p>La alcaldesa manifest\u00f3 que la aprobaci\u00f3n del plan de trabajo representa el inicio de resultados positivos para la ciudadan\u00eda, al ser una herramienta que permitir\u00e1 ordenar esfuerzos, definir prioridades y dar seguimiento a proyectos enfocados en generar municipios y comunidades m\u00e1s saludables.<\/p>\n\n\n\n<p>\u201cQue sea el inicio de excelentes resultados que le tenemos que dar a toda la gente que conf\u00eda en nosotros y que confi\u00f3 en nosotros como presidentes y presidentas municipales para ser representados\u201d, se\u00f1al\u00f3.<\/p>\n\n\n\n<p>Por \u00faltimo, Karla C\u00f3rdova Gonz\u00e1lez reconoci\u00f3 el trabajo de las y los servidores p\u00fablicos del sector salud, quienes hacen posible avanzar en la atenci\u00f3n de la poblaci\u00f3n y en la construcci\u00f3n de un Sonora con mayor bienestar.<\/p>\n\n\n<div class=\"wp-block-image\">\n<figure class=\"aligncenter size-large\"><img loading=\"lazy\" decoding=\"async\" width=\"1024\" height=\"576\" src=\"https:\/\/guaymas.gob.mx\/boletin\/wp-content\/uploads\/2026\/04\/Diseno-sin-titulo-65-1024x576.jpg\" alt=\"\" class=\"wp-image-2200\" srcset=\"https:\/\/guaymas.gob.mx\/boletin\/wp-content\/uploads\/2026\/04\/Diseno-sin-titulo-65-1024x576.jpg 1024w, https:\/\/guaymas.gob.mx\/boletin\/wp-content\/uploads\/2026\/04\/Diseno-sin-titulo-65-300x169.jpg 300w, https:\/\/guaymas.gob.mx\/boletin\/wp-content\/uploads\/2026\/04\/Diseno-sin-titulo-65-768x432.jpg 768w, https:\/\/guaymas.gob.mx\/boletin\/wp-content\/uploads\/2026\/04\/Diseno-sin-titulo-65.jpg 1536w\" sizes=\"auto, (max-width: 1024px) 100vw, 1024px\" \/><\/figure>\n<\/div>\n\n\n<p>En esta primera sesi\u00f3n ordinaria estuvieron presentes Carlos Javier Lamarque Cano, presidente municipal de Cajeme y secretario de la RDMS; H\u00e9ctor Manuel Pi\u00f1uelas Le\u00f3n, director del Distrito de Salud 04 y presidente de la RDMS, as\u00ed como funcionarias, funcionarios y autoridades municipales y del sector salud.<\/p>\n","protected":false},"excerpt":{"rendered":"<p>Con el prop\u00f3sito de fortalecer la coordinaci\u00f3n entre municipios y sector salud para avanzar en pol\u00edticas p\u00fablicas que respondan a las necesidades de cada regi\u00f3n, la presidenta municipal de Guaymas, doctora Karla C\u00f3rdova Gonz\u00e1lez, particip\u00f3 en la primera sesi\u00f3n ordinaria de la Red Distrital de Municipios por la Salud (RDMS), realizada en el municipio de [&hellip;]<\/p>\n","protected":false},"author":2,"featured_media":2197,"comment_status":"closed","ping_status":"open","sticky":false,"template":"","format":"standard","meta":{"_jetpack_memberships_contains_paid_content":false,"footnotes":""},"categories":[23],"tags":[27,45,5,43],"class_list":["post-2196","post","type-post","status-publish","format-standard","has-post-thumbnail","hentry","category-presidencia","tag-ayuntamiento","tag-ayuntamiento-de-guaymas","tag-guaymas","tag-karla-cordova"],"jetpack_featured_media_url":"https:\/\/guaymas.gob.mx\/boletin\/wp-content\/uploads\/2026\/04\/Diseno-sin-titulo-62.jpg","jetpack_sharing_enabled":true,"_links":{"self":[{"href":"https:\/\/guaymas.gob.mx\/boletin\/wp-json\/wp\/v2\/posts\/2196","targetHints":{"allow":["GET"]}}],"collection":[{"href":"https:\/\/guaymas.gob.mx\/boletin\/wp-json\/wp\/v2\/posts"}],"about":[{"href":"https:\/\/guaymas.gob.mx\/boletin\/wp-json\/wp\/v2\/types\/post"}],"author":[{"embeddable":true,"href":"https:\/\/guaymas.gob.mx\/boletin\/wp-json\/wp\/v2\/users\/2"}],"replies":[{"embeddable":true,"href":"https:\/\/guaymas.gob.mx\/boletin\/wp-json\/wp\/v2\/comments?post=2196"}],"version-history":[{"count":1,"href":"https:\/\/guaymas.gob.mx\/boletin\/wp-json\/wp\/v2\/posts\/2196\/revisions"}],"predecessor-version":[{"id":2201,"href":"https:\/\/guaymas.gob.mx\/boletin\/wp-json\/wp\/v2\/posts\/2196\/revisions\/2201"}],"wp:featuredmedia":[{"embeddable":true,"href":"https:\/\/guaymas.gob.mx\/boletin\/wp-json\/wp\/v2\/media\/2197"}],"wp:attachment":[{"href":"https:\/\/guaymas.gob.mx\/boletin\/wp-json\/wp\/v2\/media?parent=2196"}],"wp:term":[{"taxonomy":"category","embeddable":true,"href":"https:\/\/guaymas.gob.mx\/boletin\/wp-json\/wp\/v2\/categories?post=2196"},{"taxonomy":"post_tag","embeddable":true,"href":"https:\/\/guaymas.gob.mx\/boletin\/wp-json\/wp\/v2\/tags?post=2196"}],"curies":[{"name":"wp","href":"https:\/\/api.w.org\/{rel}","templated":true}]}}