{"id":2192,"date":"2026-04-23T10:34:03","date_gmt":"2026-04-23T17:34:03","guid":{"rendered":"https:\/\/guaymas.gob.mx\/boletin\/?p=2192"},"modified":"2026-04-27T10:35:35","modified_gmt":"2026-04-27T17:35:35","slug":"participa-ayuntamiento-de-guaymas-en-reunion-nacional-de-proteccion-civil-por-temporada-de-lluvias-y-ciclones-tropicales-2026","status":"publish","type":"post","link":"https:\/\/guaymas.gob.mx\/boletin\/2026\/04\/participa-ayuntamiento-de-guaymas-en-reunion-nacional-de-proteccion-civil-por-temporada-de-lluvias-y-ciclones-tropicales-2026\/","title":{"rendered":"Participa Ayuntamiento de Guaymas en Reuni\u00f3n Nacional de Protecci\u00f3n Civil por temporada de lluvias y ciclones tropicales 2026"},"content":{"rendered":"\n<p><br>Para fortalecer la coordinaci\u00f3n interinstitucional, la planeaci\u00f3n preventiva y los mecanismos de preparaci\u00f3n entre los tres \u00f3rdenes de gobierno, el Ayuntamiento de Guaymas a trav\u00e9s de la Coordinaci\u00f3n Municipal de Protecci\u00f3n Civil, particip\u00f3 en la Reuni\u00f3n Nacional de Protecci\u00f3n Civil con motivo de la temporada de lluvias y ciclones tropicales 2026, celebrada en Boca del R\u00edo, Veracruz.<\/p>\n\n\n<div class=\"wp-block-image\">\n<figure class=\"aligncenter size-large\"><img loading=\"lazy\" decoding=\"async\" width=\"1024\" height=\"576\" src=\"https:\/\/guaymas.gob.mx\/boletin\/wp-content\/uploads\/2026\/04\/Diseno-sin-titulo-61-1024x576.jpg\" alt=\"\" class=\"wp-image-2194\" srcset=\"https:\/\/guaymas.gob.mx\/boletin\/wp-content\/uploads\/2026\/04\/Diseno-sin-titulo-61-1024x576.jpg 1024w, https:\/\/guaymas.gob.mx\/boletin\/wp-content\/uploads\/2026\/04\/Diseno-sin-titulo-61-300x169.jpg 300w, https:\/\/guaymas.gob.mx\/boletin\/wp-content\/uploads\/2026\/04\/Diseno-sin-titulo-61-768x432.jpg 768w, https:\/\/guaymas.gob.mx\/boletin\/wp-content\/uploads\/2026\/04\/Diseno-sin-titulo-61.jpg 1536w\" sizes=\"auto, (max-width: 1024px) 100vw, 1024px\" \/><\/figure>\n<\/div>\n\n\n<p>Jos\u00e9 \u00c1ngel Burruel Mariscal, titular de esta coordinaci\u00f3n, inform\u00f3 que durante este encuentro se presentaron actualizaciones de pron\u00f3sticos y escenarios de riesgo, adem\u00e1s de definirse acciones conjuntas orientadas a fortalecer las capacidades de respuesta y atenci\u00f3n ante posibles emergencias o desastres, esto con el prop\u00f3sito reducir riesgos, proteger a la poblaci\u00f3n, salvaguardar sus bienes y mitigar los posibles efectos derivados de fen\u00f3menos hidrometeorol\u00f3gicos.<\/p>\n\n\n\n<p>Asimismo, destac\u00f3 el compromiso de la presidenta municipal, doctora Karla C\u00f3rdova Gonz\u00e1lez, para la implementaci\u00f3n de estrategias preventivas y el fortalecimiento de las acciones de protecci\u00f3n civil, priorizando en todo momento la seguridad y el bienestar de las familias.<\/p>\n","protected":false},"excerpt":{"rendered":"<p>Para fortalecer la coordinaci\u00f3n interinstitucional, la planeaci\u00f3n preventiva y los mecanismos de preparaci\u00f3n entre los tres \u00f3rdenes de gobierno, el Ayuntamiento de Guaymas a trav\u00e9s de la Coordinaci\u00f3n Municipal de Protecci\u00f3n Civil, particip\u00f3 en la Reuni\u00f3n Nacional de Protecci\u00f3n Civil con motivo de la temporada de lluvias y ciclones tropicales 2026, celebrada en Boca del [&hellip;]<\/p>\n","protected":false},"author":2,"featured_media":2193,"comment_status":"closed","ping_status":"open","sticky":false,"template":"","format":"standard","meta":{"_jetpack_memberships_contains_paid_content":false,"footnotes":""},"categories":[100],"tags":[27,45,5],"class_list":["post-2192","post","type-post","status-publish","format-standard","has-post-thumbnail","hentry","category-proteccion-civil","tag-ayuntamiento","tag-ayuntamiento-de-guaymas","tag-guaymas"],"jetpack_featured_media_url":"https:\/\/guaymas.gob.mx\/boletin\/wp-content\/uploads\/2026\/04\/Diseno-sin-titulo-60.jpg","jetpack_sharing_enabled":true,"_links":{"self":[{"href":"https:\/\/guaymas.gob.mx\/boletin\/wp-json\/wp\/v2\/posts\/2192","targetHints":{"allow":["GET"]}}],"collection":[{"href":"https:\/\/guaymas.gob.mx\/boletin\/wp-json\/wp\/v2\/posts"}],"about":[{"href":"https:\/\/guaymas.gob.mx\/boletin\/wp-json\/wp\/v2\/types\/post"}],"author":[{"embeddable":true,"href":"https:\/\/guaymas.gob.mx\/boletin\/wp-json\/wp\/v2\/users\/2"}],"replies":[{"embeddable":true,"href":"https:\/\/guaymas.gob.mx\/boletin\/wp-json\/wp\/v2\/comments?post=2192"}],"version-history":[{"count":1,"href":"https:\/\/guaymas.gob.mx\/boletin\/wp-json\/wp\/v2\/posts\/2192\/revisions"}],"predecessor-version":[{"id":2195,"href":"https:\/\/guaymas.gob.mx\/boletin\/wp-json\/wp\/v2\/posts\/2192\/revisions\/2195"}],"wp:featuredmedia":[{"embeddable":true,"href":"https:\/\/guaymas.gob.mx\/boletin\/wp-json\/wp\/v2\/media\/2193"}],"wp:attachment":[{"href":"https:\/\/guaymas.gob.mx\/boletin\/wp-json\/wp\/v2\/media?parent=2192"}],"wp:term":[{"taxonomy":"category","embeddable":true,"href":"https:\/\/guaymas.gob.mx\/boletin\/wp-json\/wp\/v2\/categories?post=2192"},{"taxonomy":"post_tag","embeddable":true,"href":"https:\/\/guaymas.gob.mx\/boletin\/wp-json\/wp\/v2\/tags?post=2192"}],"curies":[{"name":"wp","href":"https:\/\/api.w.org\/{rel}","templated":true}]}}