{"id":2077,"date":"2026-04-02T13:41:29","date_gmt":"2026-04-02T20:41:29","guid":{"rendered":"https:\/\/guaymas.gob.mx\/boletin\/?p=2077"},"modified":"2026-04-07T08:58:09","modified_gmt":"2026-04-07T15:58:09","slug":"transcurre-en-calma-el-jueves-santo-en-guaymas-y-san-carlos","status":"publish","type":"post","link":"https:\/\/guaymas.gob.mx\/boletin\/2026\/04\/transcurre-en-calma-el-jueves-santo-en-guaymas-y-san-carlos\/","title":{"rendered":"Transcurre en calma el Jueves Santo en Guaymas y San Carlos"},"content":{"rendered":"\n<p><\/p>\n\n\n\n<p>Durante el desarrollo del Jueves Santo, las actividades en Guaymas y San Carlos transcurrieron de manera tranquila, gracias al trabajo coordinado de las distintas corporaciones de seguridad y auxilio que participan en el Operativo Semana Santa 2026.<\/p>\n\n\n<div class=\"wp-block-image\">\n<figure class=\"aligncenter size-large\"><img loading=\"lazy\" decoding=\"async\" width=\"1024\" height=\"576\" src=\"https:\/\/guaymas.gob.mx\/boletin\/wp-content\/uploads\/2026\/04\/Diseno-sin-titulo-2026-04-06T134235.882-1024x576.jpg\" alt=\"\" class=\"wp-image-2079\" srcset=\"https:\/\/guaymas.gob.mx\/boletin\/wp-content\/uploads\/2026\/04\/Diseno-sin-titulo-2026-04-06T134235.882-1024x576.jpg 1024w, https:\/\/guaymas.gob.mx\/boletin\/wp-content\/uploads\/2026\/04\/Diseno-sin-titulo-2026-04-06T134235.882-300x169.jpg 300w, https:\/\/guaymas.gob.mx\/boletin\/wp-content\/uploads\/2026\/04\/Diseno-sin-titulo-2026-04-06T134235.882-768x432.jpg 768w, https:\/\/guaymas.gob.mx\/boletin\/wp-content\/uploads\/2026\/04\/Diseno-sin-titulo-2026-04-06T134235.882.jpg 1536w\" sizes=\"auto, (max-width: 1024px) 100vw, 1024px\" \/><\/figure>\n<\/div>\n\n\n<p>El Ayuntamiento de Guaymas reconoce y agradece el compromiso de los elementos de las diferentes instituciones, quienes se mantienen atentos para salvaguardar a las familias guaymenses y a los visitantes que disfrutan de este periodo vacacional en el municipio.<\/p>\n\n\n<div class=\"wp-block-image\">\n<figure class=\"aligncenter size-large\"><img loading=\"lazy\" decoding=\"async\" width=\"1024\" height=\"576\" src=\"https:\/\/guaymas.gob.mx\/boletin\/wp-content\/uploads\/2026\/04\/Diseno-sin-titulo-2026-04-06T134257.731-1024x576.jpg\" alt=\"\" class=\"wp-image-2080\" srcset=\"https:\/\/guaymas.gob.mx\/boletin\/wp-content\/uploads\/2026\/04\/Diseno-sin-titulo-2026-04-06T134257.731-1024x576.jpg 1024w, https:\/\/guaymas.gob.mx\/boletin\/wp-content\/uploads\/2026\/04\/Diseno-sin-titulo-2026-04-06T134257.731-300x169.jpg 300w, https:\/\/guaymas.gob.mx\/boletin\/wp-content\/uploads\/2026\/04\/Diseno-sin-titulo-2026-04-06T134257.731-768x432.jpg 768w, https:\/\/guaymas.gob.mx\/boletin\/wp-content\/uploads\/2026\/04\/Diseno-sin-titulo-2026-04-06T134257.731.jpg 1536w\" sizes=\"auto, (max-width: 1024px) 100vw, 1024px\" \/><\/figure>\n<\/div>\n\n\n<p>Asimismo, se hace un llamado a la ciudadan\u00eda y a quienes visitan nuestros destinos tur\u00edsticos para que en los pr\u00f3ximos d\u00edas mantengan una actitud responsable, respeten las indicaciones de los cuerpos de seguridad y eviten conducir bajo los efectos del alcohol.<\/p>\n\n\n<div class=\"wp-block-image\">\n<figure class=\"aligncenter size-large\"><img loading=\"lazy\" decoding=\"async\" width=\"1024\" height=\"576\" src=\"https:\/\/guaymas.gob.mx\/boletin\/wp-content\/uploads\/2026\/04\/Diseno-sin-titulo-2026-04-06T134324.676-1024x576.jpg\" alt=\"\" class=\"wp-image-2081\" srcset=\"https:\/\/guaymas.gob.mx\/boletin\/wp-content\/uploads\/2026\/04\/Diseno-sin-titulo-2026-04-06T134324.676-1024x576.jpg 1024w, https:\/\/guaymas.gob.mx\/boletin\/wp-content\/uploads\/2026\/04\/Diseno-sin-titulo-2026-04-06T134324.676-300x169.jpg 300w, https:\/\/guaymas.gob.mx\/boletin\/wp-content\/uploads\/2026\/04\/Diseno-sin-titulo-2026-04-06T134324.676-768x432.jpg 768w, https:\/\/guaymas.gob.mx\/boletin\/wp-content\/uploads\/2026\/04\/Diseno-sin-titulo-2026-04-06T134324.676.jpg 1536w\" sizes=\"auto, (max-width: 1024px) 100vw, 1024px\" \/><\/figure>\n<\/div>\n\n\n<p>La prevenci\u00f3n y la colaboraci\u00f3n de todas y todos son fundamentales para que Semana Santa contin\u00fae desarroll\u00e1ndose con orden, tranquilidad y saldo blanco en Guaymas y San Carlos.<\/p>\n","protected":false},"excerpt":{"rendered":"<p>Durante el desarrollo del Jueves Santo, las actividades en Guaymas y San Carlos transcurrieron de manera tranquila, gracias al trabajo coordinado de las distintas corporaciones de seguridad y auxilio que participan en el Operativo Semana Santa 2026. El Ayuntamiento de Guaymas reconoce y agradece el compromiso de los elementos de las diferentes instituciones, quienes se [&hellip;]<\/p>\n","protected":false},"author":2,"featured_media":2078,"comment_status":"closed","ping_status":"open","sticky":false,"template":"","format":"standard","meta":{"_jetpack_memberships_contains_paid_content":false,"footnotes":""},"categories":[96],"tags":[27,45,5],"class_list":["post-2077","post","type-post","status-publish","format-standard","has-post-thumbnail","hentry","category-desarrollo-economico-y-turistico","tag-ayuntamiento","tag-ayuntamiento-de-guaymas","tag-guaymas"],"jetpack_featured_media_url":"https:\/\/guaymas.gob.mx\/boletin\/wp-content\/uploads\/2026\/04\/Diseno-sin-titulo-2026-04-06T134411.703.jpg","jetpack_sharing_enabled":true,"_links":{"self":[{"href":"https:\/\/guaymas.gob.mx\/boletin\/wp-json\/wp\/v2\/posts\/2077","targetHints":{"allow":["GET"]}}],"collection":[{"href":"https:\/\/guaymas.gob.mx\/boletin\/wp-json\/wp\/v2\/posts"}],"about":[{"href":"https:\/\/guaymas.gob.mx\/boletin\/wp-json\/wp\/v2\/types\/post"}],"author":[{"embeddable":true,"href":"https:\/\/guaymas.gob.mx\/boletin\/wp-json\/wp\/v2\/users\/2"}],"replies":[{"embeddable":true,"href":"https:\/\/guaymas.gob.mx\/boletin\/wp-json\/wp\/v2\/comments?post=2077"}],"version-history":[{"count":1,"href":"https:\/\/guaymas.gob.mx\/boletin\/wp-json\/wp\/v2\/posts\/2077\/revisions"}],"predecessor-version":[{"id":2082,"href":"https:\/\/guaymas.gob.mx\/boletin\/wp-json\/wp\/v2\/posts\/2077\/revisions\/2082"}],"wp:featuredmedia":[{"embeddable":true,"href":"https:\/\/guaymas.gob.mx\/boletin\/wp-json\/wp\/v2\/media\/2078"}],"wp:attachment":[{"href":"https:\/\/guaymas.gob.mx\/boletin\/wp-json\/wp\/v2\/media?parent=2077"}],"wp:term":[{"taxonomy":"category","embeddable":true,"href":"https:\/\/guaymas.gob.mx\/boletin\/wp-json\/wp\/v2\/categories?post=2077"},{"taxonomy":"post_tag","embeddable":true,"href":"https:\/\/guaymas.gob.mx\/boletin\/wp-json\/wp\/v2\/tags?post=2077"}],"curies":[{"name":"wp","href":"https:\/\/api.w.org\/{rel}","templated":true}]}}