{"id":1884,"date":"2026-03-04T09:28:29","date_gmt":"2026-03-04T16:28:29","guid":{"rendered":"https:\/\/guaymas.gob.mx\/boletin\/?p=1884"},"modified":"2026-03-06T09:31:43","modified_gmt":"2026-03-06T16:31:43","slug":"participa-ayuntamiento-de-guaymas-en-presentacion-del-poet","status":"publish","type":"post","link":"https:\/\/guaymas.gob.mx\/boletin\/2026\/03\/participa-ayuntamiento-de-guaymas-en-presentacion-del-poet\/","title":{"rendered":"Participa Ayuntamiento de Guaymas en presentaci\u00f3n del POET"},"content":{"rendered":"\n<p><br>Con el objetivo de sumar esfuerzos y fortalecer la planeaci\u00f3n ambiental en la entidad, el Ayuntamiento de Guaymas a trav\u00e9s de la Direcci\u00f3n de Ecolog\u00eda, particip\u00f3 en la presentaci\u00f3n del Programa de Ordenamiento Ecol\u00f3gico Territorial del Estado de Sonora (POET).<\/p>\n\n\n\n<p>En representaci\u00f3n de la presidenta municipal, doctora Karla C\u00f3rdova Gonz\u00e1lez, acudi\u00f3 a esta presentaci\u00f3n el titular de la dependencia, Jos\u00e9 Antonio Le\u00f3n Hern\u00e1ndez, quien destac\u00f3 que este programa constituye el eje rector para el desarrollo sustentable del estado, ya que establece las bases t\u00e9cnicas y legales necesarias para armonizar el crecimiento econ\u00f3mico de los municipios con la conservaci\u00f3n del patrimonio natural.<\/p>\n\n\n\n<p>Asimismo, se\u00f1al\u00f3 que el POET brinda certeza jur\u00eddica en materia de uso y tenencia de la tierra, promoviendo un desarrollo equilibrado y responsable que garantice mejores condiciones ambientales para las futuras generaciones.<\/p>\n","protected":false},"excerpt":{"rendered":"<p>Con el objetivo de sumar esfuerzos y fortalecer la planeaci\u00f3n ambiental en la entidad, el Ayuntamiento de Guaymas a trav\u00e9s de la Direcci\u00f3n de Ecolog\u00eda, particip\u00f3 en la presentaci\u00f3n del Programa de Ordenamiento Ecol\u00f3gico Territorial del Estado de Sonora (POET). En representaci\u00f3n de la presidenta municipal, doctora Karla C\u00f3rdova Gonz\u00e1lez, acudi\u00f3 a esta presentaci\u00f3n el [&hellip;]<\/p>\n","protected":false},"author":2,"featured_media":1885,"comment_status":"closed","ping_status":"open","sticky":false,"template":"","format":"standard","meta":{"_jetpack_memberships_contains_paid_content":false,"footnotes":""},"categories":[124],"tags":[27,45,5],"class_list":["post-1884","post","type-post","status-publish","format-standard","has-post-thumbnail","hentry","category-ecologia","tag-ayuntamiento","tag-ayuntamiento-de-guaymas","tag-guaymas"],"jetpack_featured_media_url":"https:\/\/guaymas.gob.mx\/boletin\/wp-content\/uploads\/2026\/03\/Diseno-sin-titulo-24.jpg","jetpack_sharing_enabled":true,"_links":{"self":[{"href":"https:\/\/guaymas.gob.mx\/boletin\/wp-json\/wp\/v2\/posts\/1884","targetHints":{"allow":["GET"]}}],"collection":[{"href":"https:\/\/guaymas.gob.mx\/boletin\/wp-json\/wp\/v2\/posts"}],"about":[{"href":"https:\/\/guaymas.gob.mx\/boletin\/wp-json\/wp\/v2\/types\/post"}],"author":[{"embeddable":true,"href":"https:\/\/guaymas.gob.mx\/boletin\/wp-json\/wp\/v2\/users\/2"}],"replies":[{"embeddable":true,"href":"https:\/\/guaymas.gob.mx\/boletin\/wp-json\/wp\/v2\/comments?post=1884"}],"version-history":[{"count":1,"href":"https:\/\/guaymas.gob.mx\/boletin\/wp-json\/wp\/v2\/posts\/1884\/revisions"}],"predecessor-version":[{"id":1886,"href":"https:\/\/guaymas.gob.mx\/boletin\/wp-json\/wp\/v2\/posts\/1884\/revisions\/1886"}],"wp:featuredmedia":[{"embeddable":true,"href":"https:\/\/guaymas.gob.mx\/boletin\/wp-json\/wp\/v2\/media\/1885"}],"wp:attachment":[{"href":"https:\/\/guaymas.gob.mx\/boletin\/wp-json\/wp\/v2\/media?parent=1884"}],"wp:term":[{"taxonomy":"category","embeddable":true,"href":"https:\/\/guaymas.gob.mx\/boletin\/wp-json\/wp\/v2\/categories?post=1884"},{"taxonomy":"post_tag","embeddable":true,"href":"https:\/\/guaymas.gob.mx\/boletin\/wp-json\/wp\/v2\/tags?post=1884"}],"curies":[{"name":"wp","href":"https:\/\/api.w.org\/{rel}","templated":true}]}}