{"id":1800,"date":"2026-02-18T10:50:22","date_gmt":"2026-02-18T17:50:22","guid":{"rendered":"https:\/\/guaymas.gob.mx\/boletin\/?p=1800"},"modified":"2026-02-23T10:58:44","modified_gmt":"2026-02-23T17:58:44","slug":"finaliza-desfile-de-carros-alegoricos-y-comparsas-del-carnaval-guaymas-2026-el-pueblo-esta-de-fiesta","status":"publish","type":"post","link":"https:\/\/guaymas.gob.mx\/boletin\/2026\/02\/finaliza-desfile-de-carros-alegoricos-y-comparsas-del-carnaval-guaymas-2026-el-pueblo-esta-de-fiesta\/","title":{"rendered":"Finaliza desfile de carros aleg\u00f3ricos y comparsas del Carnaval Guaymas 2026 &#8220;El pueblo est\u00e1 de fiesta&#8221;"},"content":{"rendered":"\n<p>Con la participaci\u00f3n de cientos de personas, este martes se llev\u00f3 a cabo el cuarto desfile de carros aleg\u00f3ricos y comparsas del Carnaval Guaymas 2026 \u201cEl pueblo est\u00e1 de fiesta\u201d, el cual logr\u00f3 contagiar de \u00e1nimo, alegr\u00eda y diversi\u00f3n tanto a la comunidad guaymense como a los visitantes.<\/p>\n\n\n<div class=\"wp-block-image\">\n<figure class=\"aligncenter size-large\"><img loading=\"lazy\" decoding=\"async\" width=\"1024\" height=\"576\" src=\"https:\/\/guaymas.gob.mx\/boletin\/wp-content\/uploads\/2026\/02\/Diseno-sin-titulo-1024x576.jpg\" alt=\"\" class=\"wp-image-1802\" srcset=\"https:\/\/guaymas.gob.mx\/boletin\/wp-content\/uploads\/2026\/02\/Diseno-sin-titulo-1024x576.jpg 1024w, https:\/\/guaymas.gob.mx\/boletin\/wp-content\/uploads\/2026\/02\/Diseno-sin-titulo-300x169.jpg 300w, https:\/\/guaymas.gob.mx\/boletin\/wp-content\/uploads\/2026\/02\/Diseno-sin-titulo-768x432.jpg 768w, https:\/\/guaymas.gob.mx\/boletin\/wp-content\/uploads\/2026\/02\/Diseno-sin-titulo.jpg 1536w\" sizes=\"auto, (max-width: 1024px) 100vw, 1024px\" \/><\/figure>\n<\/div>\n\n\n<p>La doctora Karla C\u00f3rdova Gonz\u00e1lez entreg\u00f3 reconocimientos a las 16 comparsas que durante cuatro d\u00edas pusieron el ambiente de fiesta, entre ellas, &#8220;Fantas\u00eda y sabor es lo que traigo yo&#8221;, de Manuel de Jes\u00fas Rubio Minjarez; &#8220;La fiesta no tiene fin aqu\u00ed estamos&#8221;, de Christian Fernando Flores D\u00edaz; &#8220;La fiesta del arlequ\u00edn&#8221;, de Jos\u00e9 Alfredo Santiago Cuevas; &#8220;Dulces y alegr\u00edas&#8221; de Christian Adri\u00e1n Valenzuela Guti\u00e9rrez; &#8220;Bawechoki&#8221;, de Rosa Edena Flores Rodr\u00edguez; &#8220;En la arena Guaymas el pueblo est\u00e1 de fiesta&#8221;, de Karla Viridiana Casazus Escalante; &#8220;Amor apache&#8221;, de Edgardo Alonso Beltr\u00e1n \u00c1lvarez; &#8220;Al son de mi tierra&#8221;, de Nubia Yadira Castillo Ramos; &#8220;Reina de corazones&#8221;, de Lorenia Castillo Carrasco; &#8220;Cabaret rojo amanecer&#8221;, de Jos\u00e9 Francisco Villegas Graci\u00e1n; &#8220;Cuando el tambor llam\u00f3 al pueblo&#8221;, ITSON. Irving P\u00e1ez Ortega; &#8220;Renacer&#8221;, de Blanca Yarazeth P\u00e9rez Michel; &#8220;Magia, color y diversi\u00f3n, la hora loca lleg\u00f3&#8221;, por Roxana Quintana Ochoa: &#8220;Odisea en el bosque encantado&#8221;, Er\u00e9ndira Mercedes Chavar\u00edn Mac\u00edas; &#8220;Alegr\u00eda y colores de Brasil&#8221;, Juan Jos\u00e9 Ruiz N\u00fa\u00f1ez y &#8220;Shi Huang: La guardia imperial&#8221;, por Mario Mart\u00ednez Reyes.<\/p>\n\n\n<div class=\"wp-block-image\">\n<figure class=\"aligncenter size-large\"><img loading=\"lazy\" decoding=\"async\" width=\"1024\" height=\"576\" src=\"https:\/\/guaymas.gob.mx\/boletin\/wp-content\/uploads\/2026\/02\/Diseno-sin-titulo-3-1024x576.jpg\" alt=\"\" class=\"wp-image-1803\" srcset=\"https:\/\/guaymas.gob.mx\/boletin\/wp-content\/uploads\/2026\/02\/Diseno-sin-titulo-3-1024x576.jpg 1024w, https:\/\/guaymas.gob.mx\/boletin\/wp-content\/uploads\/2026\/02\/Diseno-sin-titulo-3-300x169.jpg 300w, https:\/\/guaymas.gob.mx\/boletin\/wp-content\/uploads\/2026\/02\/Diseno-sin-titulo-3-768x432.jpg 768w, https:\/\/guaymas.gob.mx\/boletin\/wp-content\/uploads\/2026\/02\/Diseno-sin-titulo-3.jpg 1536w\" sizes=\"auto, (max-width: 1024px) 100vw, 1024px\" \/><\/figure>\n<\/div>\n\n\n<p>Asimismo, a los dise\u00f1adores locales e internacionales que participaron en la creaci\u00f3n de los 16 carros aleg\u00f3ricos, entre ellos &#8220;Un viaje de fantas\u00eda&#8221;, de Heriberto Ortiz Romero; &#8220;El soy y la luna&#8221;, por Dani Alexander Rosero Ascuntar; &#8220;El anfitri\u00f3n de la diversi\u00f3n&#8221;, de Dani Alexander Rosero Ascuntar; &#8220;Dulce alegr\u00eda&#8221;, de Julio C\u00e9sar Bracamontes Villela; &#8220;Aurora de los sue\u00f1os&#8221;, por Dani Alexander Rosero Ascuntar; &#8220;La arena estaba&#8221;, de Juan Walter Barr\u00f3n Dom\u00ednguez; &#8220;Soy mexicano&#8221;, por Ericka Vel\u00e1zquez Ch\u00e1vez; &#8220;Fantas\u00eda del pueblo&#8221;, de Jaime Oswaldo Garc\u00eda Guilfo; &#8220;Ave F\u00e9nix, Blanca Yarazeth P\u00e9rez Michel; &#8220;Where is the love&#8221;; por Juli\u00e1n Amalio Lucero \u00c1vila; &#8220;Las maravillas de la fantas\u00eda&#8221;, Julio Alfonso Osuna Campos&#8221;, &#8220;Alas de alegr\u00eda&#8221; Viviana Edwiges Torres L\u00f3pez y &#8220;La fiesta en el imperio chino&#8221; de Heriberto Ortiz Romero.<\/p>\n\n\n<div class=\"wp-block-image\">\n<figure class=\"aligncenter size-large\"><img loading=\"lazy\" decoding=\"async\" width=\"1024\" height=\"576\" src=\"https:\/\/guaymas.gob.mx\/boletin\/wp-content\/uploads\/2026\/02\/Diseno-sin-titulo-2-1024x576.jpg\" alt=\"\" class=\"wp-image-1804\" srcset=\"https:\/\/guaymas.gob.mx\/boletin\/wp-content\/uploads\/2026\/02\/Diseno-sin-titulo-2-1024x576.jpg 1024w, https:\/\/guaymas.gob.mx\/boletin\/wp-content\/uploads\/2026\/02\/Diseno-sin-titulo-2-300x169.jpg 300w, https:\/\/guaymas.gob.mx\/boletin\/wp-content\/uploads\/2026\/02\/Diseno-sin-titulo-2-768x432.jpg 768w, https:\/\/guaymas.gob.mx\/boletin\/wp-content\/uploads\/2026\/02\/Diseno-sin-titulo-2.jpg 1536w\" sizes=\"auto, (max-width: 1024px) 100vw, 1024px\" \/><\/figure>\n<\/div>\n\n\n<p>Adem\u00e1s, se despidieron de esta edici\u00f3n el mariscal \u00d3scar \u201cTory\u201d Arce, quien cuenta con una trayectoria de m\u00e1s de 40 a\u00f1os participando en esta tradicional fiesta. Asimismo, a los integrantes de la corte real del carnaval, la reina Mar\u00eda Fernanda I, la princesa Valentina, las duquesas Cristina y Alma, y el rey Jos\u00e9 Ter\u00e1n, acompa\u00f1ado por el pr\u00edncipe Jos\u00e9 Ruiz y el duque Rodolfo Navarro.<\/p>\n\n\n\n<p>De igual manera a la corte infantil, integrada por los reyes Sof\u00eda y Mois\u00e9s; los pr\u00edncipes Valentina y Leonel; los duques Regina y Derek; as\u00ed como los marqueses Allison y Santiago.<\/p>\n\n\n\n<p>Finalmente, se anunci\u00f3 que la pr\u00f3xima fiesta del carnaval de Guaymas ser\u00e1 del 4 al 9 de febrero de 2027, y con ello, se reafirma el compromiso con una de las fiestas m\u00e1s tradicionales de Sonora.<\/p>\n\n\n\n<p>Presentes en este \u00faltimo d\u00eda de desfile, el Comandante de la Segunda Regi\u00f3n Naval, Juan Mart\u00edn Aguilar Morales; Alejandro Lameda Andrade, presidente municipal de San Pedro de la Cueva; Celestino Sarabia Tautimez, S\u00edndico Municipal; los regidores Alma Ivonne Cota Lugo, Mar\u00eda del Pilar Hern\u00e1ndez F\u00e9lix, Jes\u00fas Antonio D\u00f3rame Acevedo, Jos\u00e9 Abraham Reyes Peralta, Mario Bernal Guardado, Manuel Alberto Bogar\u00edn N\u00fa\u00f1ez y Gines Valent\u00edn Rodr\u00edguez; el Secretario del Ayuntamiento Herman Aaron Garc\u00eda Luna; el Tesorero Municipal Daniel Apodaca Larrinaga y funcionarios.<\/p>\n","protected":false},"excerpt":{"rendered":"<p>Con la participaci\u00f3n de cientos de personas, este martes se llev\u00f3 a cabo el cuarto desfile de carros aleg\u00f3ricos y comparsas del Carnaval Guaymas 2026 \u201cEl pueblo est\u00e1 de fiesta\u201d, el cual logr\u00f3 contagiar de \u00e1nimo, alegr\u00eda y diversi\u00f3n tanto a la comunidad guaymense como a los visitantes. La doctora Karla C\u00f3rdova Gonz\u00e1lez entreg\u00f3 reconocimientos [&hellip;]<\/p>\n","protected":false},"author":2,"featured_media":1801,"comment_status":"closed","ping_status":"open","sticky":false,"template":"","format":"standard","meta":{"_jetpack_memberships_contains_paid_content":false,"footnotes":""},"categories":[92,96],"tags":[27,45,64,122,5,43],"class_list":["post-1800","post","type-post","status-publish","format-standard","has-post-thumbnail","hentry","category-carnaval","category-desarrollo-economico-y-turistico","tag-ayuntamiento","tag-ayuntamiento-de-guaymas","tag-carnaval-guaymas","tag-el-pueblo-esta-de-fiesta","tag-guaymas","tag-karla-cordova"],"jetpack_featured_media_url":"https:\/\/guaymas.gob.mx\/boletin\/wp-content\/uploads\/2026\/02\/Diseno-sin-titulo-1.jpg","jetpack_sharing_enabled":true,"_links":{"self":[{"href":"https:\/\/guaymas.gob.mx\/boletin\/wp-json\/wp\/v2\/posts\/1800","targetHints":{"allow":["GET"]}}],"collection":[{"href":"https:\/\/guaymas.gob.mx\/boletin\/wp-json\/wp\/v2\/posts"}],"about":[{"href":"https:\/\/guaymas.gob.mx\/boletin\/wp-json\/wp\/v2\/types\/post"}],"author":[{"embeddable":true,"href":"https:\/\/guaymas.gob.mx\/boletin\/wp-json\/wp\/v2\/users\/2"}],"replies":[{"embeddable":true,"href":"https:\/\/guaymas.gob.mx\/boletin\/wp-json\/wp\/v2\/comments?post=1800"}],"version-history":[{"count":1,"href":"https:\/\/guaymas.gob.mx\/boletin\/wp-json\/wp\/v2\/posts\/1800\/revisions"}],"predecessor-version":[{"id":1805,"href":"https:\/\/guaymas.gob.mx\/boletin\/wp-json\/wp\/v2\/posts\/1800\/revisions\/1805"}],"wp:featuredmedia":[{"embeddable":true,"href":"https:\/\/guaymas.gob.mx\/boletin\/wp-json\/wp\/v2\/media\/1801"}],"wp:attachment":[{"href":"https:\/\/guaymas.gob.mx\/boletin\/wp-json\/wp\/v2\/media?parent=1800"}],"wp:term":[{"taxonomy":"category","embeddable":true,"href":"https:\/\/guaymas.gob.mx\/boletin\/wp-json\/wp\/v2\/categories?post=1800"},{"taxonomy":"post_tag","embeddable":true,"href":"https:\/\/guaymas.gob.mx\/boletin\/wp-json\/wp\/v2\/tags?post=1800"}],"curies":[{"name":"wp","href":"https:\/\/api.w.org\/{rel}","templated":true}]}}