{"id":1793,"date":"2026-02-16T08:51:17","date_gmt":"2026-02-16T15:51:17","guid":{"rendered":"https:\/\/guaymas.gob.mx\/boletin\/?p=1793"},"modified":"2026-02-18T09:07:33","modified_gmt":"2026-02-18T16:07:33","slug":"continua-desfile-de-carros-alegoricos-y-comparsas-del-carnaval-guaymas-2026-el-pueblo-esta-de-fiesta","status":"publish","type":"post","link":"https:\/\/guaymas.gob.mx\/boletin\/2026\/02\/continua-desfile-de-carros-alegoricos-y-comparsas-del-carnaval-guaymas-2026-el-pueblo-esta-de-fiesta\/","title":{"rendered":"Contin\u00faa desfile de carros aleg\u00f3ricos y comparsas del Carnaval Guaymas 2026 &#8220;El pueblo est\u00e1 de fiesta&#8221;"},"content":{"rendered":"\n<p><\/p>\n\n\n\n<p>Una tarde llena de fiesta, color, m\u00fasica y alegr\u00eda disfrutaron cientos de personas durante el tercer desfile de carros aleg\u00f3ricos y comparsas del Carnaval Guaymas 2026 &#8220;El pueblo est\u00e1 de fiesta&#8221; que recorri\u00f3 desde bulevar S\u00e1nchez Taboada hasta la calle 10.<\/p>\n\n\n\n<p>Las 16 comparsas participantes animaron en su paso a los asistentes que disfrutaron del baile y fiesta, adem\u00e1s de admirar el dise\u00f1o de los 16 carros aleg\u00f3ricos elaborados por grandes artistas del dise\u00f1o.<\/p>\n\n\n<div class=\"wp-block-image\">\n<figure class=\"aligncenter size-large\"><img loading=\"lazy\" decoding=\"async\" width=\"1024\" height=\"576\" src=\"https:\/\/guaymas.gob.mx\/boletin\/wp-content\/uploads\/2026\/02\/Diseno-sin-titulo-2026-02-18T085125.048-1024x576.jpg\" alt=\"\" class=\"wp-image-1795\" srcset=\"https:\/\/guaymas.gob.mx\/boletin\/wp-content\/uploads\/2026\/02\/Diseno-sin-titulo-2026-02-18T085125.048-1024x576.jpg 1024w, https:\/\/guaymas.gob.mx\/boletin\/wp-content\/uploads\/2026\/02\/Diseno-sin-titulo-2026-02-18T085125.048-300x169.jpg 300w, https:\/\/guaymas.gob.mx\/boletin\/wp-content\/uploads\/2026\/02\/Diseno-sin-titulo-2026-02-18T085125.048-768x432.jpg 768w, https:\/\/guaymas.gob.mx\/boletin\/wp-content\/uploads\/2026\/02\/Diseno-sin-titulo-2026-02-18T085125.048.jpg 1536w\" sizes=\"auto, (max-width: 1024px) 100vw, 1024px\" \/><\/figure>\n<\/div>\n\n\n<p>No pod\u00eda faltar la participaci\u00f3n del mariscal del carnaval \u00d3scar &#8220;Tory&#8221; Arce, la reina Mar\u00eda Fernanda I, la princesa Valentina, as\u00ed como Cristina, duquesa del carnaval y la marquesa Alma; tambi\u00e9n el rey Jos\u00e9 Ter\u00e1n, pr\u00edncipe Juan Jos\u00e9 Ruiz y el duque Rodolfo Navarro.<\/p>\n\n\n\n<p>Los ni\u00f1os de Guaymas tambi\u00e9n recibieron a la corte infantil integrada por los reyes Sof\u00eda y Mois\u00e9s, pr\u00edncipes los Valentina y Leonel, los duques Regina y Derek, as\u00ed como los marqueses Allison y Santiago, adem\u00e1s de la corte infantil 2025.<\/p>\n\n\n<div class=\"wp-block-image\">\n<figure class=\"aligncenter size-large\"><img loading=\"lazy\" decoding=\"async\" width=\"1024\" height=\"576\" src=\"https:\/\/guaymas.gob.mx\/boletin\/wp-content\/uploads\/2026\/02\/Diseno-sin-titulo-2026-02-18T090640.460-1024x576.jpg\" alt=\"\" class=\"wp-image-1796\" srcset=\"https:\/\/guaymas.gob.mx\/boletin\/wp-content\/uploads\/2026\/02\/Diseno-sin-titulo-2026-02-18T090640.460-1024x576.jpg 1024w, https:\/\/guaymas.gob.mx\/boletin\/wp-content\/uploads\/2026\/02\/Diseno-sin-titulo-2026-02-18T090640.460-300x169.jpg 300w, https:\/\/guaymas.gob.mx\/boletin\/wp-content\/uploads\/2026\/02\/Diseno-sin-titulo-2026-02-18T090640.460-768x432.jpg 768w, https:\/\/guaymas.gob.mx\/boletin\/wp-content\/uploads\/2026\/02\/Diseno-sin-titulo-2026-02-18T090640.460.jpg 1536w\" sizes=\"auto, (max-width: 1024px) 100vw, 1024px\" \/><\/figure>\n<\/div>\n\n\n<p>La alcaldesa Karla C\u00f3rdova Gonz\u00e1lez entreg\u00f3 reconocimiento a JC Show, que con su algarab\u00eda hicieron disfrutar del desfile de carros aleg\u00f3ricos y comparsas a familias y visitantes.<\/p>\n\n\n<div class=\"wp-block-image\">\n<figure class=\"aligncenter size-large\"><img loading=\"lazy\" decoding=\"async\" width=\"1024\" height=\"576\" src=\"https:\/\/guaymas.gob.mx\/boletin\/wp-content\/uploads\/2026\/02\/Diseno-sin-titulo-2026-02-18T085145.571-1024x576.jpg\" alt=\"\" class=\"wp-image-1797\" srcset=\"https:\/\/guaymas.gob.mx\/boletin\/wp-content\/uploads\/2026\/02\/Diseno-sin-titulo-2026-02-18T085145.571-1024x576.jpg 1024w, https:\/\/guaymas.gob.mx\/boletin\/wp-content\/uploads\/2026\/02\/Diseno-sin-titulo-2026-02-18T085145.571-300x169.jpg 300w, https:\/\/guaymas.gob.mx\/boletin\/wp-content\/uploads\/2026\/02\/Diseno-sin-titulo-2026-02-18T085145.571-768x432.jpg 768w, https:\/\/guaymas.gob.mx\/boletin\/wp-content\/uploads\/2026\/02\/Diseno-sin-titulo-2026-02-18T085145.571.jpg 1536w\" sizes=\"auto, (max-width: 1024px) 100vw, 1024px\" \/><\/figure>\n<\/div>\n\n\n<p>Acompa\u00f1aron a la doctora Karla C\u00f3rdova Gonz\u00e1lez, el S\u00edndico Municipal Celestino Sarabia Tautimez; el Secretario del Ayuntamiento Herman Aaron Garc\u00eda Luna; las Damas Promotoras de Marina encabezada por Josefina \u00c1vila de Aguilar, Elizabeth Lacaud, Eulalia Par\u00e9s, Victoria Lagunes Ahumada y Saira Condado Sam; adem\u00e1s alumnas de la maestra Rosa Virginia Ojeda del taller de pintura experimental de Casa de la Cultura, Nicole M\u00e9ndez Olivera, Ana Cecilia Olivera,Thelma R\u00edos, Jes\u00fas Uribe, Rafaela Acosta, Bertha Luz Ch\u00e1vez; Rosa Moreno Morales, Ver\u00f3nica Betancourt, Josefina Cornejo, Leticia Flores, Laura Elena Gonz\u00e1lez y Eva Loreto F\u00e9lix integrantes de INAPAM.<\/p>\n","protected":false},"excerpt":{"rendered":"<p>Una tarde llena de fiesta, color, m\u00fasica y alegr\u00eda disfrutaron cientos de personas durante el tercer desfile de carros aleg\u00f3ricos y comparsas del Carnaval Guaymas 2026 &#8220;El pueblo est\u00e1 de fiesta&#8221; que recorri\u00f3 desde bulevar S\u00e1nchez Taboada hasta la calle 10. Las 16 comparsas participantes animaron en su paso a los asistentes que disfrutaron del [&hellip;]<\/p>\n","protected":false},"author":2,"featured_media":1794,"comment_status":"closed","ping_status":"open","sticky":false,"template":"","format":"standard","meta":{"_jetpack_memberships_contains_paid_content":false,"footnotes":""},"categories":[92,96],"tags":[27,45,64,5,43,66],"class_list":["post-1793","post","type-post","status-publish","format-standard","has-post-thumbnail","hentry","category-carnaval","category-desarrollo-economico-y-turistico","tag-ayuntamiento","tag-ayuntamiento-de-guaymas","tag-carnaval-guaymas","tag-guaymas","tag-karla-cordova","tag-la-fiesta-es-nuestra"],"jetpack_featured_media_url":"https:\/\/guaymas.gob.mx\/boletin\/wp-content\/uploads\/2026\/02\/Diseno-sin-titulo-2026-02-18T085211.562.jpg","jetpack_sharing_enabled":true,"_links":{"self":[{"href":"https:\/\/guaymas.gob.mx\/boletin\/wp-json\/wp\/v2\/posts\/1793","targetHints":{"allow":["GET"]}}],"collection":[{"href":"https:\/\/guaymas.gob.mx\/boletin\/wp-json\/wp\/v2\/posts"}],"about":[{"href":"https:\/\/guaymas.gob.mx\/boletin\/wp-json\/wp\/v2\/types\/post"}],"author":[{"embeddable":true,"href":"https:\/\/guaymas.gob.mx\/boletin\/wp-json\/wp\/v2\/users\/2"}],"replies":[{"embeddable":true,"href":"https:\/\/guaymas.gob.mx\/boletin\/wp-json\/wp\/v2\/comments?post=1793"}],"version-history":[{"count":1,"href":"https:\/\/guaymas.gob.mx\/boletin\/wp-json\/wp\/v2\/posts\/1793\/revisions"}],"predecessor-version":[{"id":1798,"href":"https:\/\/guaymas.gob.mx\/boletin\/wp-json\/wp\/v2\/posts\/1793\/revisions\/1798"}],"wp:featuredmedia":[{"embeddable":true,"href":"https:\/\/guaymas.gob.mx\/boletin\/wp-json\/wp\/v2\/media\/1794"}],"wp:attachment":[{"href":"https:\/\/guaymas.gob.mx\/boletin\/wp-json\/wp\/v2\/media?parent=1793"}],"wp:term":[{"taxonomy":"category","embeddable":true,"href":"https:\/\/guaymas.gob.mx\/boletin\/wp-json\/wp\/v2\/categories?post=1793"},{"taxonomy":"post_tag","embeddable":true,"href":"https:\/\/guaymas.gob.mx\/boletin\/wp-json\/wp\/v2\/tags?post=1793"}],"curies":[{"name":"wp","href":"https:\/\/api.w.org\/{rel}","templated":true}]}}