{"id":1786,"date":"2026-02-15T10:15:34","date_gmt":"2026-02-15T17:15:34","guid":{"rendered":"https:\/\/guaymas.gob.mx\/boletin\/?p=1786"},"modified":"2026-02-17T10:56:20","modified_gmt":"2026-02-17T17:56:20","slug":"por-segundo-dia-celebra-el-ayuntamiento-de-guaymas-desfile-de-carros-alegoricos-y-comparsas","status":"publish","type":"post","link":"https:\/\/guaymas.gob.mx\/boletin\/2026\/02\/por-segundo-dia-celebra-el-ayuntamiento-de-guaymas-desfile-de-carros-alegoricos-y-comparsas\/","title":{"rendered":"Por segundo d\u00eda celebra el Ayuntamiento de Guaymas desfile de carros aleg\u00f3ricos y comparsas"},"content":{"rendered":"\n<p><\/p>\n\n\n\n<p>Para continuar con la alegr\u00eda y el ambiente de celebraci\u00f3n del Carnaval 2026 \u201cEl pueblo est\u00e1 de fiesta\u201d, este domingo 15 el Ayuntamiento de Guaymas a trav\u00e9s de la Direcci\u00f3n de Desarrollo Econ\u00f3mico y Tur\u00edstico y la Coordinaci\u00f3n de Festividades, llev\u00f3 a cabo el segundo recorrido de carros aleg\u00f3ricos y comparsas de esta tradicional fiesta.<\/p>\n\n\n<div class=\"wp-block-image\">\n<figure class=\"aligncenter size-large\"><img loading=\"lazy\" decoding=\"async\" width=\"1024\" height=\"576\" src=\"https:\/\/guaymas.gob.mx\/boletin\/wp-content\/uploads\/2026\/02\/Diseno-sin-titulo-2026-02-17T105120.227-1024x576.jpg\" alt=\"\" class=\"wp-image-1788\" srcset=\"https:\/\/guaymas.gob.mx\/boletin\/wp-content\/uploads\/2026\/02\/Diseno-sin-titulo-2026-02-17T105120.227-1024x576.jpg 1024w, https:\/\/guaymas.gob.mx\/boletin\/wp-content\/uploads\/2026\/02\/Diseno-sin-titulo-2026-02-17T105120.227-300x169.jpg 300w, https:\/\/guaymas.gob.mx\/boletin\/wp-content\/uploads\/2026\/02\/Diseno-sin-titulo-2026-02-17T105120.227-768x432.jpg 768w, https:\/\/guaymas.gob.mx\/boletin\/wp-content\/uploads\/2026\/02\/Diseno-sin-titulo-2026-02-17T105120.227.jpg 1536w\" sizes=\"auto, (max-width: 1024px) 100vw, 1024px\" \/><\/figure>\n<\/div>\n\n\n<p>En esta edici\u00f3n, familias y visitantes disfrutaron de la participaci\u00f3n de 16 comparsas y 16 carros aleg\u00f3ricos, los cuales fueron encabezados por el mariscal del carnaval, \u00d3scar \u201cTory\u201d Arce. Asimismo, desfilaron la reina del carnaval Mar\u00eda Fernanda I; la princesa Valentina Alvarado; la duquesa Cristina Castro y la marquesa Alma Castro Espinoza; Angelina I, reina de los Juegos Florales; el rey del carnaval Jos\u00e9 Ter\u00e1n; el pr\u00edncipe Juan Jos\u00e9 Ruiz N\u00fa\u00f1ez y el duque Rodolfo Navarro Sandoval, as\u00ed como la corte real 2025.<\/p>\n\n\n\n<p>Tambi\u00e9n formaron parte del recorrido la reina y el rey infantil Sof\u00eda y Mois\u00e9s; los pr\u00edncipes Valentina y Leonel; los duques Regina y Derek, los marqueses Allison y Santiago y corte infantil 2025.<\/p>\n\n\n<div class=\"wp-block-image\">\n<figure class=\"aligncenter size-large\"><img loading=\"lazy\" decoding=\"async\" width=\"1024\" height=\"576\" src=\"https:\/\/guaymas.gob.mx\/boletin\/wp-content\/uploads\/2026\/02\/Diseno-sin-titulo-2026-02-17T105059.148-1024x576.jpg\" alt=\"\" class=\"wp-image-1789\" srcset=\"https:\/\/guaymas.gob.mx\/boletin\/wp-content\/uploads\/2026\/02\/Diseno-sin-titulo-2026-02-17T105059.148-1024x576.jpg 1024w, https:\/\/guaymas.gob.mx\/boletin\/wp-content\/uploads\/2026\/02\/Diseno-sin-titulo-2026-02-17T105059.148-300x169.jpg 300w, https:\/\/guaymas.gob.mx\/boletin\/wp-content\/uploads\/2026\/02\/Diseno-sin-titulo-2026-02-17T105059.148-768x432.jpg 768w, https:\/\/guaymas.gob.mx\/boletin\/wp-content\/uploads\/2026\/02\/Diseno-sin-titulo-2026-02-17T105059.148.jpg 1536w\" sizes=\"auto, (max-width: 1024px) 100vw, 1024px\" \/><\/figure>\n<\/div>\n\n\n<p>Adem\u00e1s, se entreg\u00f3 reconocimiento a la madrina de esta fiesta, Danna Mart\u00ednez, Miss Sonora, a Karcocha, el arlequ\u00edn m\u00e1s famoso del mundo y al mimo Lois, quienes participaron por dos d\u00edas seguidos en esta celebraci\u00f3n, siendo la presidenta municipal, doctora Karla C\u00f3rdova Gonz\u00e1lez, quien les entreg\u00f3 un reconocimiento por su destacada presencia.<\/p>\n\n\n\n<figure class=\"wp-block-image size-large\"><img loading=\"lazy\" decoding=\"async\" width=\"1024\" height=\"576\" src=\"https:\/\/guaymas.gob.mx\/boletin\/wp-content\/uploads\/2026\/02\/Diseno-sin-titulo-2026-02-17T105242.025-1024x576.jpg\" alt=\"\" class=\"wp-image-1790\" srcset=\"https:\/\/guaymas.gob.mx\/boletin\/wp-content\/uploads\/2026\/02\/Diseno-sin-titulo-2026-02-17T105242.025-1024x576.jpg 1024w, https:\/\/guaymas.gob.mx\/boletin\/wp-content\/uploads\/2026\/02\/Diseno-sin-titulo-2026-02-17T105242.025-300x169.jpg 300w, https:\/\/guaymas.gob.mx\/boletin\/wp-content\/uploads\/2026\/02\/Diseno-sin-titulo-2026-02-17T105242.025-768x432.jpg 768w, https:\/\/guaymas.gob.mx\/boletin\/wp-content\/uploads\/2026\/02\/Diseno-sin-titulo-2026-02-17T105242.025.jpg 1536w\" sizes=\"auto, (max-width: 1024px) 100vw, 1024px\" \/><\/figure>\n\n\n\n<p>Acompa\u00f1ando a la alcaldesa, estuvieron presentes Lorenia Valles Sampedro, senadora de la Rep\u00fablica por el estado de Sonora; Heriberto Aguilar Castillo, senador de la Rep\u00fablica por el estado de Sonora; Ram\u00f3n Flores, Diputado Federal; Celestino Sarabia Tautimez, S\u00edndico Municipal; Jos\u00e9 \u00c1ngel Valenzuela Garc\u00eda, Gobernador de Pot\u00e1m; Nicol\u00e1s Molina Molina, Gobernador de Huirivis; Ra\u00fal Molina, regidor \u00e9tnico del Ayuntamiento; \u00c1ngel Manr\u00edquez Mu\u00f1oz, de Asuntos Ind\u00edgenas; Alejandro Lameda Andrade, presidente municipal de San Pedro de la Cueva; Gelacio Galaviz Garc\u00eda, capit\u00e1n de Huirivis; Juan Cuen Sabiba, Pueblo Mayor de Huirivis; Juan Jos\u00e9 Rivera Aguilar, Comandante de Huirivis; Juan Gregorio Jaime Le\u00f3n, Secretario de Huirivis;<br>Mario Bacasegua, en representaci\u00f3n de Alfonso Abraham \u00c1lvarez Valencia, el gobernador de Bel\u00e9m Pitahaya; el Secretario del Ayuntamiento Herman Aaron Garc\u00eda Luna y la Contralora Municipal Gisel Robles Quiroz.<\/p>\n\n\n<div class=\"wp-block-image\">\n<figure class=\"aligncenter size-large\"><img loading=\"lazy\" decoding=\"async\" width=\"1024\" height=\"576\" src=\"https:\/\/guaymas.gob.mx\/boletin\/wp-content\/uploads\/2026\/02\/Diseno-sin-titulo-2026-02-17T105140.840-1024x576.jpg\" alt=\"\" class=\"wp-image-1791\" srcset=\"https:\/\/guaymas.gob.mx\/boletin\/wp-content\/uploads\/2026\/02\/Diseno-sin-titulo-2026-02-17T105140.840-1024x576.jpg 1024w, https:\/\/guaymas.gob.mx\/boletin\/wp-content\/uploads\/2026\/02\/Diseno-sin-titulo-2026-02-17T105140.840-300x169.jpg 300w, https:\/\/guaymas.gob.mx\/boletin\/wp-content\/uploads\/2026\/02\/Diseno-sin-titulo-2026-02-17T105140.840-768x432.jpg 768w, https:\/\/guaymas.gob.mx\/boletin\/wp-content\/uploads\/2026\/02\/Diseno-sin-titulo-2026-02-17T105140.840.jpg 1536w\" sizes=\"auto, (max-width: 1024px) 100vw, 1024px\" \/><\/figure>\n<\/div>","protected":false},"excerpt":{"rendered":"<p>Para continuar con la alegr\u00eda y el ambiente de celebraci\u00f3n del Carnaval 2026 \u201cEl pueblo est\u00e1 de fiesta\u201d, este domingo 15 el Ayuntamiento de Guaymas a trav\u00e9s de la Direcci\u00f3n de Desarrollo Econ\u00f3mico y Tur\u00edstico y la Coordinaci\u00f3n de Festividades, llev\u00f3 a cabo el segundo recorrido de carros aleg\u00f3ricos y comparsas de esta tradicional fiesta. [&hellip;]<\/p>\n","protected":false},"author":2,"featured_media":1787,"comment_status":"closed","ping_status":"open","sticky":false,"template":"","format":"standard","meta":{"_jetpack_memberships_contains_paid_content":false,"footnotes":""},"categories":[92,96],"tags":[27,45,64,5,43,66],"class_list":["post-1786","post","type-post","status-publish","format-standard","has-post-thumbnail","hentry","category-carnaval","category-desarrollo-economico-y-turistico","tag-ayuntamiento","tag-ayuntamiento-de-guaymas","tag-carnaval-guaymas","tag-guaymas","tag-karla-cordova","tag-la-fiesta-es-nuestra"],"jetpack_featured_media_url":"https:\/\/guaymas.gob.mx\/boletin\/wp-content\/uploads\/2026\/02\/Diseno-sin-titulo-2026-02-17T105315.439.jpg","jetpack_sharing_enabled":true,"_links":{"self":[{"href":"https:\/\/guaymas.gob.mx\/boletin\/wp-json\/wp\/v2\/posts\/1786","targetHints":{"allow":["GET"]}}],"collection":[{"href":"https:\/\/guaymas.gob.mx\/boletin\/wp-json\/wp\/v2\/posts"}],"about":[{"href":"https:\/\/guaymas.gob.mx\/boletin\/wp-json\/wp\/v2\/types\/post"}],"author":[{"embeddable":true,"href":"https:\/\/guaymas.gob.mx\/boletin\/wp-json\/wp\/v2\/users\/2"}],"replies":[{"embeddable":true,"href":"https:\/\/guaymas.gob.mx\/boletin\/wp-json\/wp\/v2\/comments?post=1786"}],"version-history":[{"count":1,"href":"https:\/\/guaymas.gob.mx\/boletin\/wp-json\/wp\/v2\/posts\/1786\/revisions"}],"predecessor-version":[{"id":1792,"href":"https:\/\/guaymas.gob.mx\/boletin\/wp-json\/wp\/v2\/posts\/1786\/revisions\/1792"}],"wp:featuredmedia":[{"embeddable":true,"href":"https:\/\/guaymas.gob.mx\/boletin\/wp-json\/wp\/v2\/media\/1787"}],"wp:attachment":[{"href":"https:\/\/guaymas.gob.mx\/boletin\/wp-json\/wp\/v2\/media?parent=1786"}],"wp:term":[{"taxonomy":"category","embeddable":true,"href":"https:\/\/guaymas.gob.mx\/boletin\/wp-json\/wp\/v2\/categories?post=1786"},{"taxonomy":"post_tag","embeddable":true,"href":"https:\/\/guaymas.gob.mx\/boletin\/wp-json\/wp\/v2\/tags?post=1786"}],"curies":[{"name":"wp","href":"https:\/\/api.w.org\/{rel}","templated":true}]}}