{"id":1762,"date":"2026-02-11T09:17:04","date_gmt":"2026-02-11T16:17:04","guid":{"rendered":"https:\/\/guaymas.gob.mx\/boletin\/?p=1762"},"modified":"2026-02-12T09:22:26","modified_gmt":"2026-02-12T16:22:26","slug":"es-angelina-rodriguez-pascual-la-reina-de-los-juegos-florales-2026-dario-galaviz-quezada","status":"publish","type":"post","link":"https:\/\/guaymas.gob.mx\/boletin\/2026\/02\/es-angelina-rodriguez-pascual-la-reina-de-los-juegos-florales-2026-dario-galaviz-quezada\/","title":{"rendered":"Es Angelina Rodr\u00edguez Pascual la reina de los Juegos Florales 2026 Dar\u00edo Galaviz Quezada"},"content":{"rendered":"\n<p><\/p>\n\n\n\n<p>En un programa cultural que enmarca el arte, la belleza y las tradiciones de una comunidad, este mi\u00e9rcoles se realiz\u00f3 la coronaci\u00f3n de Angelina Rodr\u00edguez Pascual como la reina de los Juegos Florales 2026 Dar\u00edo Galaviz Quezada, esto dentro de las actividades del Carnaval Guaymas 2026 \u201cEl pueblo est\u00e1 de fiesta\u201d.<\/p>\n\n\n<div class=\"wp-block-image\">\n<figure class=\"aligncenter size-large\"><img loading=\"lazy\" decoding=\"async\" width=\"1024\" height=\"576\" src=\"https:\/\/guaymas.gob.mx\/boletin\/wp-content\/uploads\/2026\/02\/Diseno-sin-titulo-2026-02-12T091434.100-1024x576.jpg\" alt=\"\" class=\"wp-image-1764\" srcset=\"https:\/\/guaymas.gob.mx\/boletin\/wp-content\/uploads\/2026\/02\/Diseno-sin-titulo-2026-02-12T091434.100-1024x576.jpg 1024w, https:\/\/guaymas.gob.mx\/boletin\/wp-content\/uploads\/2026\/02\/Diseno-sin-titulo-2026-02-12T091434.100-300x169.jpg 300w, https:\/\/guaymas.gob.mx\/boletin\/wp-content\/uploads\/2026\/02\/Diseno-sin-titulo-2026-02-12T091434.100-768x432.jpg 768w, https:\/\/guaymas.gob.mx\/boletin\/wp-content\/uploads\/2026\/02\/Diseno-sin-titulo-2026-02-12T091434.100.jpg 1536w\" sizes=\"auto, (max-width: 1024px) 100vw, 1024px\" \/><\/figure>\n<\/div>\n\n\n<p>En su mensaje de despedida, Estefan\u00eda Jim\u00e9nez Sosa destac\u00f3 que fue un honor y un orgullo representar la cultura y el arte, una experiencia que le permiti\u00f3 ganar amistades para toda la vida y que dej\u00f3 una huella imborrable en su coraz\u00f3n.<br>Asimismo, agradeci\u00f3 profundamente el apoyo de su familia y de todas las personas que colaboraron con ella a lo largo de este camino.<\/p>\n\n\n\n<p>Para la edici\u00f3n 2026 de los Juegos Florales, fueron recibidas 28 obras literarias de diferentes puntos de la rep\u00fablica y fue el jurado calificador integrado por David Vizca\u00edno Bedr\u00e1n, Ernesto Andrade Miranda y Ernesto Moya Amaya, quien eligi\u00f3 el poema ganador \u201cEn este bravo puerto que respira\u201d; fue el Secretario del Ayuntamiento Herman Garc\u00eda Luna, quien abri\u00f3 y certific\u00f3 la plica bajo el seud\u00f3nimo \u201cPersona mofle\u201d que result\u00f3 ser la ganadora.<\/p>\n\n\n<div class=\"wp-block-image\">\n<figure class=\"aligncenter size-large\"><img loading=\"lazy\" decoding=\"async\" width=\"1024\" height=\"576\" src=\"https:\/\/guaymas.gob.mx\/boletin\/wp-content\/uploads\/2026\/02\/Diseno-sin-titulo-2026-02-12T092111.105-1024x576.jpg\" alt=\"\" class=\"wp-image-1769\" srcset=\"https:\/\/guaymas.gob.mx\/boletin\/wp-content\/uploads\/2026\/02\/Diseno-sin-titulo-2026-02-12T092111.105-1024x576.jpg 1024w, https:\/\/guaymas.gob.mx\/boletin\/wp-content\/uploads\/2026\/02\/Diseno-sin-titulo-2026-02-12T092111.105-300x169.jpg 300w, https:\/\/guaymas.gob.mx\/boletin\/wp-content\/uploads\/2026\/02\/Diseno-sin-titulo-2026-02-12T092111.105-768x432.jpg 768w, https:\/\/guaymas.gob.mx\/boletin\/wp-content\/uploads\/2026\/02\/Diseno-sin-titulo-2026-02-12T092111.105.jpg 1536w\" sizes=\"auto, (max-width: 1024px) 100vw, 1024px\" \/><\/figure>\n<\/div>\n\n\n<p>Como presidente del jurado calificador de este certamen, Ernesto Moya Amaya, dio lectura al acta de elecci\u00f3n y se\u00f1al\u00f3 al poeta Manuel Parra Aguilar como triunfador de la contienda, quien es maestro en Estudios de Arte y Literatura por la Universidad Aut\u00f3noma del Estado de Morelos, miembro del Sistema Nacional de Creadores de Arte, y cuenta con una destacada trayectoria en el \u00e1mbito literario, en el que ha sido reconocido con importantes premios y ha publicado varios libros.<\/p>\n\n\n\n<p>Ante los invitados especiales, Parra Aguilar dio lectura a su obra y posteriormente Angelina Rodr\u00edguez Pascual lo declara vencedor de esta competencia entreg\u00e1ndole una perla y fue el poeta junto a la presidenta municipal, doctora Karla C\u00f3rdova quienes coronaron a la reina de los Juegos Florales Dar\u00edo Galaviz Quezada.<\/p>\n\n\n<div class=\"wp-block-image\">\n<figure class=\"aligncenter size-large\"><img loading=\"lazy\" decoding=\"async\" width=\"1024\" height=\"576\" src=\"https:\/\/guaymas.gob.mx\/boletin\/wp-content\/uploads\/2026\/02\/Diseno-sin-titulo-2026-02-12T091533.823-1024x576.jpg\" alt=\"\" class=\"wp-image-1766\" srcset=\"https:\/\/guaymas.gob.mx\/boletin\/wp-content\/uploads\/2026\/02\/Diseno-sin-titulo-2026-02-12T091533.823-1024x576.jpg 1024w, https:\/\/guaymas.gob.mx\/boletin\/wp-content\/uploads\/2026\/02\/Diseno-sin-titulo-2026-02-12T091533.823-300x169.jpg 300w, https:\/\/guaymas.gob.mx\/boletin\/wp-content\/uploads\/2026\/02\/Diseno-sin-titulo-2026-02-12T091533.823-768x432.jpg 768w, https:\/\/guaymas.gob.mx\/boletin\/wp-content\/uploads\/2026\/02\/Diseno-sin-titulo-2026-02-12T091533.823.jpg 1536w\" sizes=\"auto, (max-width: 1024px) 100vw, 1024px\" \/><\/figure>\n<\/div>\n\n\n<p>Asimismo, la doctora Karla C\u00f3rdova Gonz\u00e1lez entreg\u00f3 un reconocimiento al poeta ganador de los Juegos Florales Dar\u00edo Galaviz Quezada.<\/p>\n\n\n\n<p>Fue el grupo Cassette Live Music, quien ameniz\u00f3 este importante evento cultural.<\/p>\n\n\n<div class=\"wp-block-image\">\n<figure class=\"aligncenter size-large\"><img loading=\"lazy\" decoding=\"async\" width=\"1024\" height=\"576\" src=\"https:\/\/guaymas.gob.mx\/boletin\/wp-content\/uploads\/2026\/02\/Diseno-sin-titulo-2026-02-12T091456.255-1-1024x576.jpg\" alt=\"\" class=\"wp-image-1768\" srcset=\"https:\/\/guaymas.gob.mx\/boletin\/wp-content\/uploads\/2026\/02\/Diseno-sin-titulo-2026-02-12T091456.255-1-1024x576.jpg 1024w, https:\/\/guaymas.gob.mx\/boletin\/wp-content\/uploads\/2026\/02\/Diseno-sin-titulo-2026-02-12T091456.255-1-300x169.jpg 300w, https:\/\/guaymas.gob.mx\/boletin\/wp-content\/uploads\/2026\/02\/Diseno-sin-titulo-2026-02-12T091456.255-1-768x432.jpg 768w, https:\/\/guaymas.gob.mx\/boletin\/wp-content\/uploads\/2026\/02\/Diseno-sin-titulo-2026-02-12T091456.255-1.jpg 1536w\" sizes=\"auto, (max-width: 1024px) 100vw, 1024px\" \/><\/figure>\n<\/div>\n\n\n<p>Acudieron a este evento, en representaci\u00f3n del Comandante de la Segunda Regi\u00f3n Naval Juan Mart\u00edn Aguilar Morales, acudi\u00f3 el Contralmirante Pedro Pineda Berdeja, Comandante de la Base Aeronaval; el S\u00edndico Municipal Celestino Sarabia Tautimez; los regidores integrantes de la Comisi\u00f3n de Educaci\u00f3n y Cultura, Alma Ivonne Cota Lugo, Mar\u00eda del Pilar Hern\u00e1ndez F\u00e9lix y Ra\u00fal Molina Corral; el regidor Abraham Reyes Peralta; el Secretario del Ayuntamiento Herman Aaron Garc\u00eda Luna; la titular de Desarrollo Econ\u00f3mico y Tur\u00edstico, Fernanda V\u00e1zquez Garc\u00eda; el presidente del patronato de DIF Guaymas Jes\u00fas C\u00f3rdova Gonz\u00e1lez, as\u00ed como la corte real del Carnaval Guaymas 2025, funcionarios y regidores.<\/p>\n","protected":false},"excerpt":{"rendered":"<p>En un programa cultural que enmarca el arte, la belleza y las tradiciones de una comunidad, este mi\u00e9rcoles se realiz\u00f3 la coronaci\u00f3n de Angelina Rodr\u00edguez Pascual como la reina de los Juegos Florales 2026 Dar\u00edo Galaviz Quezada, esto dentro de las actividades del Carnaval Guaymas 2026 \u201cEl pueblo est\u00e1 de fiesta\u201d. En su mensaje de [&hellip;]<\/p>\n","protected":false},"author":2,"featured_media":1763,"comment_status":"closed","ping_status":"open","sticky":false,"template":"","format":"standard","meta":{"_jetpack_memberships_contains_paid_content":false,"footnotes":""},"categories":[114],"tags":[27,45,64,122,5,43],"class_list":["post-1762","post","type-post","status-publish","format-standard","has-post-thumbnail","hentry","category-cultura-y-arte","tag-ayuntamiento","tag-ayuntamiento-de-guaymas","tag-carnaval-guaymas","tag-el-pueblo-esta-de-fiesta","tag-guaymas","tag-karla-cordova"],"jetpack_featured_media_url":"https:\/\/guaymas.gob.mx\/boletin\/wp-content\/uploads\/2026\/02\/Diseno-sin-titulo-2026-02-12T091412.420.jpg","jetpack_sharing_enabled":true,"_links":{"self":[{"href":"https:\/\/guaymas.gob.mx\/boletin\/wp-json\/wp\/v2\/posts\/1762","targetHints":{"allow":["GET"]}}],"collection":[{"href":"https:\/\/guaymas.gob.mx\/boletin\/wp-json\/wp\/v2\/posts"}],"about":[{"href":"https:\/\/guaymas.gob.mx\/boletin\/wp-json\/wp\/v2\/types\/post"}],"author":[{"embeddable":true,"href":"https:\/\/guaymas.gob.mx\/boletin\/wp-json\/wp\/v2\/users\/2"}],"replies":[{"embeddable":true,"href":"https:\/\/guaymas.gob.mx\/boletin\/wp-json\/wp\/v2\/comments?post=1762"}],"version-history":[{"count":1,"href":"https:\/\/guaymas.gob.mx\/boletin\/wp-json\/wp\/v2\/posts\/1762\/revisions"}],"predecessor-version":[{"id":1770,"href":"https:\/\/guaymas.gob.mx\/boletin\/wp-json\/wp\/v2\/posts\/1762\/revisions\/1770"}],"wp:featuredmedia":[{"embeddable":true,"href":"https:\/\/guaymas.gob.mx\/boletin\/wp-json\/wp\/v2\/media\/1763"}],"wp:attachment":[{"href":"https:\/\/guaymas.gob.mx\/boletin\/wp-json\/wp\/v2\/media?parent=1762"}],"wp:term":[{"taxonomy":"category","embeddable":true,"href":"https:\/\/guaymas.gob.mx\/boletin\/wp-json\/wp\/v2\/categories?post=1762"},{"taxonomy":"post_tag","embeddable":true,"href":"https:\/\/guaymas.gob.mx\/boletin\/wp-json\/wp\/v2\/tags?post=1762"}],"curies":[{"name":"wp","href":"https:\/\/api.w.org\/{rel}","templated":true}]}}