{"id":1586,"date":"2025-12-17T08:47:32","date_gmt":"2025-12-17T15:47:32","guid":{"rendered":"https:\/\/guaymas.gob.mx\/boletin\/?p=1586"},"modified":"2026-01-05T08:50:54","modified_gmt":"2026-01-05T15:50:54","slug":"mantiene-sistema-dif-guaymas-atencion-a-ninos-ninas-y-personas-vulnerables","status":"publish","type":"post","link":"https:\/\/guaymas.gob.mx\/boletin\/2025\/12\/mantiene-sistema-dif-guaymas-atencion-a-ninos-ninas-y-personas-vulnerables\/","title":{"rendered":"Mantiene Sistema DIF Guaymas atenci\u00f3n a ni\u00f1os, ni\u00f1as y personas vulnerables"},"content":{"rendered":"\n<p><br>Como parte de las acciones permanentes que realiza el Sistema DIF Guaymas para el cuidado y la protecci\u00f3n de ni\u00f1as, ni\u00f1os y personas en situaci\u00f3n de vulnerabilidad, se mantienen activas diversas estrategias preventivas, entre ellas la Brigada Saludable y otros programas de atenci\u00f3n integral, los cuales han operado de manera constante.<\/p>\n\n\n\n<p>La directora del Sistema DIF Guaymas, Alma Delia Guerrero Cornero, inform\u00f3 en conferencia de prensa que, a trav\u00e9s de la Brigada Saludable, se han visitado 44 escuelas primarias, beneficiando a 8 mil 187 ni\u00f1as y ni\u00f1os, quienes recibieron revisi\u00f3n m\u00e9dica general, as\u00ed como control de talla y peso, con el objetivo de detectar oportunamente posibles riesgos a la salud, esto de abril a la fecha.<\/p>\n\n\n<div class=\"wp-block-image\">\n<figure class=\"aligncenter size-large\"><img loading=\"lazy\" decoding=\"async\" width=\"1024\" height=\"576\" src=\"https:\/\/guaymas.gob.mx\/boletin\/wp-content\/uploads\/2026\/01\/Diseno-sin-titulo-5-1024x576.jpg\" alt=\"\" class=\"wp-image-1588\" srcset=\"https:\/\/guaymas.gob.mx\/boletin\/wp-content\/uploads\/2026\/01\/Diseno-sin-titulo-5-1024x576.jpg 1024w, https:\/\/guaymas.gob.mx\/boletin\/wp-content\/uploads\/2026\/01\/Diseno-sin-titulo-5-300x169.jpg 300w, https:\/\/guaymas.gob.mx\/boletin\/wp-content\/uploads\/2026\/01\/Diseno-sin-titulo-5-768x432.jpg 768w, https:\/\/guaymas.gob.mx\/boletin\/wp-content\/uploads\/2026\/01\/Diseno-sin-titulo-5.jpg 1536w\" sizes=\"auto, (max-width: 1024px) 100vw, 1024px\" \/><\/figure>\n<\/div>\n\n\n<p>Asimismo, dio a conocer que, por medio de la Subprocuradur\u00eda de Protecci\u00f3n de Ni\u00f1as, Ni\u00f1os y Adolescentes, durante el presente mes se han realizado 66 visitas domiciliarias, brindado 166 atenciones psicol\u00f3gicas y llevado a cabo 8 pl\u00e1ticas de programas preventivos, priorizando la atenci\u00f3n oportuna a casos de posible vulneraci\u00f3n de derechos.<\/p>\n\n\n\n<p>Por otra parte, la Unidad B\u00e1sica de Rehabilitaci\u00f3n (UBR) report\u00f3 que 26 pacientes han sido dados de alta tras concluir sus terapias de rehabilitaci\u00f3n, esto en lo que va del mes, recibiendo servicios como electroterapia, mecanoterapia, terapia infantil e hidroterapia, contribuyendo as\u00ed a mejorar su calidad de vida.<\/p>\n","protected":false},"excerpt":{"rendered":"<p>Como parte de las acciones permanentes que realiza el Sistema DIF Guaymas para el cuidado y la protecci\u00f3n de ni\u00f1as, ni\u00f1os y personas en situaci\u00f3n de vulnerabilidad, se mantienen activas diversas estrategias preventivas, entre ellas la Brigada Saludable y otros programas de atenci\u00f3n integral, los cuales han operado de manera constante. La directora del Sistema [&hellip;]<\/p>\n","protected":false},"author":2,"featured_media":1587,"comment_status":"closed","ping_status":"open","sticky":false,"template":"","format":"standard","meta":{"_jetpack_memberships_contains_paid_content":false,"footnotes":""},"categories":[29],"tags":[27,45,5],"class_list":["post-1586","post","type-post","status-publish","format-standard","has-post-thumbnail","hentry","category-dif","tag-ayuntamiento","tag-ayuntamiento-de-guaymas","tag-guaymas"],"jetpack_featured_media_url":"https:\/\/guaymas.gob.mx\/boletin\/wp-content\/uploads\/2026\/01\/Diseno-sin-titulo-4.jpg","jetpack_sharing_enabled":true,"_links":{"self":[{"href":"https:\/\/guaymas.gob.mx\/boletin\/wp-json\/wp\/v2\/posts\/1586","targetHints":{"allow":["GET"]}}],"collection":[{"href":"https:\/\/guaymas.gob.mx\/boletin\/wp-json\/wp\/v2\/posts"}],"about":[{"href":"https:\/\/guaymas.gob.mx\/boletin\/wp-json\/wp\/v2\/types\/post"}],"author":[{"embeddable":true,"href":"https:\/\/guaymas.gob.mx\/boletin\/wp-json\/wp\/v2\/users\/2"}],"replies":[{"embeddable":true,"href":"https:\/\/guaymas.gob.mx\/boletin\/wp-json\/wp\/v2\/comments?post=1586"}],"version-history":[{"count":1,"href":"https:\/\/guaymas.gob.mx\/boletin\/wp-json\/wp\/v2\/posts\/1586\/revisions"}],"predecessor-version":[{"id":1589,"href":"https:\/\/guaymas.gob.mx\/boletin\/wp-json\/wp\/v2\/posts\/1586\/revisions\/1589"}],"wp:featuredmedia":[{"embeddable":true,"href":"https:\/\/guaymas.gob.mx\/boletin\/wp-json\/wp\/v2\/media\/1587"}],"wp:attachment":[{"href":"https:\/\/guaymas.gob.mx\/boletin\/wp-json\/wp\/v2\/media?parent=1586"}],"wp:term":[{"taxonomy":"category","embeddable":true,"href":"https:\/\/guaymas.gob.mx\/boletin\/wp-json\/wp\/v2\/categories?post=1586"},{"taxonomy":"post_tag","embeddable":true,"href":"https:\/\/guaymas.gob.mx\/boletin\/wp-json\/wp\/v2\/tags?post=1586"}],"curies":[{"name":"wp","href":"https:\/\/api.w.org\/{rel}","templated":true}]}}