{"id":1568,"date":"2025-12-13T10:56:19","date_gmt":"2025-12-13T17:56:19","guid":{"rendered":"https:\/\/guaymas.gob.mx\/boletin\/?p=1568"},"modified":"2025-12-15T10:58:51","modified_gmt":"2025-12-15T17:58:51","slug":"celebra-ayuntamiento-de-guaymas-y-dif-posada-para-ninas-y-ninos","status":"publish","type":"post","link":"https:\/\/guaymas.gob.mx\/boletin\/2025\/12\/celebra-ayuntamiento-de-guaymas-y-dif-posada-para-ninas-y-ninos\/","title":{"rendered":"Celebra Ayuntamiento de Guaymas y DIF posada para ni\u00f1as y ni\u00f1os"},"content":{"rendered":"\n<p><\/p>\n\n\n\n<p>Con muchas sorpresas, el Ayuntamiento de Guaymas a trav\u00e9s del Sistema DIF, llev\u00f3 a cabo una gran posada para 1200 ni\u00f1as y ni\u00f1os en las instalaciones del Parque Infantil, donde los asistentes disfrutaron de diversi\u00f3n y regalos preparados para ellos.<\/p>\n\n\n<div class=\"wp-block-image\">\n<figure class=\"aligncenter size-large\"><img loading=\"lazy\" decoding=\"async\" width=\"1024\" height=\"576\" src=\"https:\/\/guaymas.gob.mx\/boletin\/wp-content\/uploads\/2025\/12\/Diseno-sin-titulo-52-1024x576.jpg\" alt=\"\" class=\"wp-image-1570\" srcset=\"https:\/\/guaymas.gob.mx\/boletin\/wp-content\/uploads\/2025\/12\/Diseno-sin-titulo-52-1024x576.jpg 1024w, https:\/\/guaymas.gob.mx\/boletin\/wp-content\/uploads\/2025\/12\/Diseno-sin-titulo-52-300x169.jpg 300w, https:\/\/guaymas.gob.mx\/boletin\/wp-content\/uploads\/2025\/12\/Diseno-sin-titulo-52-768x432.jpg 768w, https:\/\/guaymas.gob.mx\/boletin\/wp-content\/uploads\/2025\/12\/Diseno-sin-titulo-52.jpg 1536w\" sizes=\"auto, (max-width: 1024px) 100vw, 1024px\" \/><\/figure>\n<\/div>\n\n\n<p>La presidenta municipal, doctora Karla C\u00f3rdova Gonz\u00e1lez, destac\u00f3 que esta celebraci\u00f3n se realiz\u00f3 con mucho amor para que nuestras ni\u00f1as y ni\u00f1os disfruten con alegr\u00eda y recuerden la importancia de vivir esta temporada en familia.<\/p>\n\n\n\n<figure class=\"wp-block-image size-large\"><img loading=\"lazy\" decoding=\"async\" width=\"1024\" height=\"576\" src=\"https:\/\/guaymas.gob.mx\/boletin\/wp-content\/uploads\/2025\/12\/Diseno-sin-titulo-54-1024x576.jpg\" alt=\"\" class=\"wp-image-1571\" srcset=\"https:\/\/guaymas.gob.mx\/boletin\/wp-content\/uploads\/2025\/12\/Diseno-sin-titulo-54-1024x576.jpg 1024w, https:\/\/guaymas.gob.mx\/boletin\/wp-content\/uploads\/2025\/12\/Diseno-sin-titulo-54-300x169.jpg 300w, https:\/\/guaymas.gob.mx\/boletin\/wp-content\/uploads\/2025\/12\/Diseno-sin-titulo-54-768x432.jpg 768w, https:\/\/guaymas.gob.mx\/boletin\/wp-content\/uploads\/2025\/12\/Diseno-sin-titulo-54.jpg 1536w\" sizes=\"auto, (max-width: 1024px) 100vw, 1024px\" \/><\/figure>\n\n\n\n<p>Posteriormente, se llevaron a cabo juegos, rifas de regalos, as\u00ed como la entrega de dulces y comida, la participaci\u00f3n de Los Payashow, los bailables navide\u00f1os de los ni\u00f1os de CADI, CM Dance y Tiki Dance, quienes lograron despertar sonrisas entre los peque\u00f1os provenientes de diferentes colonias.<\/p>\n\n\n<div class=\"wp-block-image\">\n<figure class=\"aligncenter size-large\"><img loading=\"lazy\" decoding=\"async\" width=\"1024\" height=\"576\" src=\"https:\/\/guaymas.gob.mx\/boletin\/wp-content\/uploads\/2025\/12\/Diseno-sin-titulo-53-1024x576.jpg\" alt=\"\" class=\"wp-image-1572\" srcset=\"https:\/\/guaymas.gob.mx\/boletin\/wp-content\/uploads\/2025\/12\/Diseno-sin-titulo-53-1024x576.jpg 1024w, https:\/\/guaymas.gob.mx\/boletin\/wp-content\/uploads\/2025\/12\/Diseno-sin-titulo-53-300x169.jpg 300w, https:\/\/guaymas.gob.mx\/boletin\/wp-content\/uploads\/2025\/12\/Diseno-sin-titulo-53-768x432.jpg 768w, https:\/\/guaymas.gob.mx\/boletin\/wp-content\/uploads\/2025\/12\/Diseno-sin-titulo-53.jpg 1536w\" sizes=\"auto, (max-width: 1024px) 100vw, 1024px\" \/><\/figure>\n<\/div>\n\n\n<p>Estuvieron presentes en esta actividad, el presidente del Patronato de DIF Guaymas Jes\u00fas C\u00f3rdova Gonz\u00e1lez, la directora de DIF Guaymas Alma Delia Guerrero Cornejo, la regidora Alma Ivonne Cota Lugo; el regidor Jes\u00fas Antonio D\u00f3rame Acevedo; el Secretario del Ayuntamiento Herman Aaron Garc\u00eda Luna; la Contralora Municipal Gisel Robles Quiroz; el Tesorero Municipal Daniel Apodaca Larrinaga; la administradora de DIF Guaymas Olivia Medina Garc\u00eda y funcionarios.<\/p>\n","protected":false},"excerpt":{"rendered":"<p>Con muchas sorpresas, el Ayuntamiento de Guaymas a trav\u00e9s del Sistema DIF, llev\u00f3 a cabo una gran posada para 1200 ni\u00f1as y ni\u00f1os en las instalaciones del Parque Infantil, donde los asistentes disfrutaron de diversi\u00f3n y regalos preparados para ellos. La presidenta municipal, doctora Karla C\u00f3rdova Gonz\u00e1lez, destac\u00f3 que esta celebraci\u00f3n se realiz\u00f3 con mucho [&hellip;]<\/p>\n","protected":false},"author":2,"featured_media":1569,"comment_status":"closed","ping_status":"open","sticky":false,"template":"","format":"standard","meta":{"_jetpack_memberships_contains_paid_content":false,"footnotes":""},"categories":[29,23],"tags":[27,45,5,43],"class_list":["post-1568","post","type-post","status-publish","format-standard","has-post-thumbnail","hentry","category-dif","category-presidencia","tag-ayuntamiento","tag-ayuntamiento-de-guaymas","tag-guaymas","tag-karla-cordova"],"jetpack_featured_media_url":"https:\/\/guaymas.gob.mx\/boletin\/wp-content\/uploads\/2025\/12\/Diseno-sin-titulo-51.jpg","jetpack_sharing_enabled":true,"_links":{"self":[{"href":"https:\/\/guaymas.gob.mx\/boletin\/wp-json\/wp\/v2\/posts\/1568","targetHints":{"allow":["GET"]}}],"collection":[{"href":"https:\/\/guaymas.gob.mx\/boletin\/wp-json\/wp\/v2\/posts"}],"about":[{"href":"https:\/\/guaymas.gob.mx\/boletin\/wp-json\/wp\/v2\/types\/post"}],"author":[{"embeddable":true,"href":"https:\/\/guaymas.gob.mx\/boletin\/wp-json\/wp\/v2\/users\/2"}],"replies":[{"embeddable":true,"href":"https:\/\/guaymas.gob.mx\/boletin\/wp-json\/wp\/v2\/comments?post=1568"}],"version-history":[{"count":1,"href":"https:\/\/guaymas.gob.mx\/boletin\/wp-json\/wp\/v2\/posts\/1568\/revisions"}],"predecessor-version":[{"id":1573,"href":"https:\/\/guaymas.gob.mx\/boletin\/wp-json\/wp\/v2\/posts\/1568\/revisions\/1573"}],"wp:featuredmedia":[{"embeddable":true,"href":"https:\/\/guaymas.gob.mx\/boletin\/wp-json\/wp\/v2\/media\/1569"}],"wp:attachment":[{"href":"https:\/\/guaymas.gob.mx\/boletin\/wp-json\/wp\/v2\/media?parent=1568"}],"wp:term":[{"taxonomy":"category","embeddable":true,"href":"https:\/\/guaymas.gob.mx\/boletin\/wp-json\/wp\/v2\/categories?post=1568"},{"taxonomy":"post_tag","embeddable":true,"href":"https:\/\/guaymas.gob.mx\/boletin\/wp-json\/wp\/v2\/tags?post=1568"}],"curies":[{"name":"wp","href":"https:\/\/api.w.org\/{rel}","templated":true}]}}