{"id":1562,"date":"2025-12-12T10:41:24","date_gmt":"2025-12-12T17:41:24","guid":{"rendered":"https:\/\/guaymas.gob.mx\/boletin\/?p=1562"},"modified":"2025-12-15T10:48:11","modified_gmt":"2025-12-15T17:48:11","slug":"con-gran-exito-inicia-el-ayuntamiento-de-guaymas-y-sistema-dif-actividades-navidenas","status":"publish","type":"post","link":"https:\/\/guaymas.gob.mx\/boletin\/2025\/12\/con-gran-exito-inicia-el-ayuntamiento-de-guaymas-y-sistema-dif-actividades-navidenas\/","title":{"rendered":"Con gran \u00e9xito inicia el Ayuntamiento de Guaymas y Sistema DIF actividades navide\u00f1as"},"content":{"rendered":"\n<p><\/p>\n\n\n\n<p>Para celebrar la uni\u00f3n familiar y dar inicio a las festividades decembrinas, el Ayuntamiento de Guaymas en coordinaci\u00f3n con el Sistema DIF Guaymas, llev\u00f3 a cabo la inauguraci\u00f3n de La Navidad del Pueblo.<\/p>\n\n\n<div class=\"wp-block-image\">\n<figure class=\"aligncenter size-large\"><img loading=\"lazy\" decoding=\"async\" width=\"1024\" height=\"576\" src=\"https:\/\/guaymas.gob.mx\/boletin\/wp-content\/uploads\/2025\/12\/Diseno-sin-titulo-47-1024x576.jpg\" alt=\"\" class=\"wp-image-1563\" srcset=\"https:\/\/guaymas.gob.mx\/boletin\/wp-content\/uploads\/2025\/12\/Diseno-sin-titulo-47-1024x576.jpg 1024w, https:\/\/guaymas.gob.mx\/boletin\/wp-content\/uploads\/2025\/12\/Diseno-sin-titulo-47-300x169.jpg 300w, https:\/\/guaymas.gob.mx\/boletin\/wp-content\/uploads\/2025\/12\/Diseno-sin-titulo-47-768x432.jpg 768w, https:\/\/guaymas.gob.mx\/boletin\/wp-content\/uploads\/2025\/12\/Diseno-sin-titulo-47.jpg 1536w\" sizes=\"auto, (max-width: 1024px) 100vw, 1024px\" \/><\/figure>\n<\/div>\n\n\n<p>Como arranque de las actividades, se realiz\u00f3 el tradicional desfile navide\u00f1o con la participaci\u00f3n de 50 contingentes entre escuelas, empresas, organizaciones, grupos de danza, as\u00ed como las y los candidatos a reina y rey del Carnaval Guaymas 2026 \u201cEl pueblo est\u00e1 de fiesta\u201d; Corte Real e Infantil del Carnaval 2025, CADI, entre otras, el recorrido inici\u00f3 en la Casa de la Cultura y concluy\u00f3 en la plaza Tres Presidentes, donde se vivi\u00f3 un ambiente lleno de m\u00fasica, diversi\u00f3n y sorpresas para todas las familias y al finalizar, los asistentes disfrutaron del Mapping Navide\u00f1o proyectado en el Palacio Municipal gracias a la colaboraci\u00f3n de Grupo Vejar, que tambi\u00e9n este s\u00e1bado 13 podr\u00e1n disfrutar.<\/p>\n\n\n<div class=\"wp-block-image\">\n<figure class=\"aligncenter size-large\"><img loading=\"lazy\" decoding=\"async\" width=\"1024\" height=\"576\" src=\"https:\/\/guaymas.gob.mx\/boletin\/wp-content\/uploads\/2025\/12\/Diseno-sin-titulo-49-1024x576.jpg\" alt=\"\" class=\"wp-image-1564\" srcset=\"https:\/\/guaymas.gob.mx\/boletin\/wp-content\/uploads\/2025\/12\/Diseno-sin-titulo-49-1024x576.jpg 1024w, https:\/\/guaymas.gob.mx\/boletin\/wp-content\/uploads\/2025\/12\/Diseno-sin-titulo-49-300x169.jpg 300w, https:\/\/guaymas.gob.mx\/boletin\/wp-content\/uploads\/2025\/12\/Diseno-sin-titulo-49-768x432.jpg 768w, https:\/\/guaymas.gob.mx\/boletin\/wp-content\/uploads\/2025\/12\/Diseno-sin-titulo-49.jpg 1536w\" sizes=\"auto, (max-width: 1024px) 100vw, 1024px\" \/><\/figure>\n<\/div>\n\n\n<p>Encabezando las actividades, la presidenta municipal, doctora Karla C\u00f3rdova Gonz\u00e1lez, acompa\u00f1ada de funcionarios y ciudadanos, realiz\u00f3 el encendido del tradicional \u00e1rbol navide\u00f1o y en su mensaje, destac\u00f3 la importancia de fortalecer la convivencia familiar y mantener vivas las tradiciones que unen en alegr\u00eda y celebraci\u00f3n.<\/p>\n\n\n<div class=\"wp-block-image\">\n<figure class=\"aligncenter size-large\"><img loading=\"lazy\" decoding=\"async\" width=\"1024\" height=\"576\" src=\"https:\/\/guaymas.gob.mx\/boletin\/wp-content\/uploads\/2025\/12\/Diseno-sin-titulo-48-1024x576.jpg\" alt=\"\" class=\"wp-image-1565\" srcset=\"https:\/\/guaymas.gob.mx\/boletin\/wp-content\/uploads\/2025\/12\/Diseno-sin-titulo-48-1024x576.jpg 1024w, https:\/\/guaymas.gob.mx\/boletin\/wp-content\/uploads\/2025\/12\/Diseno-sin-titulo-48-300x169.jpg 300w, https:\/\/guaymas.gob.mx\/boletin\/wp-content\/uploads\/2025\/12\/Diseno-sin-titulo-48-768x432.jpg 768w, https:\/\/guaymas.gob.mx\/boletin\/wp-content\/uploads\/2025\/12\/Diseno-sin-titulo-48.jpg 1536w\" sizes=\"auto, (max-width: 1024px) 100vw, 1024px\" \/><\/figure>\n<\/div>\n\n\n<p>Posteriormente, la alcaldesa inaugur\u00f3 La Navidad del Pueblo en la plaza Centenario, donde ni\u00f1as, ni\u00f1os y familias podr\u00e1n disfrutar de diversas atracciones alusivas a la temporada, espacio que permanecer\u00e1 abierto durante toda la \u00e9poca decembrina para el disfrute de todos y todas; a la par de escuchar la presentaci\u00f3n de villancicos y pastorela de Casa de la Cultura.<\/p>\n\n\n\n<p>Estuvieron presentes el Comandante de la Segunda Regi\u00f3n Naval, Daniel Escobedo Escobedo; en representaci\u00f3n de las Damas de Marina, Jacqueline Garc\u00eda de Escobedo; el S\u00edndico Municipal, Celestino Sarabia Tautimez; los regidores Jos\u00e9 Abraham Reyes Peralta, vocal de la Comisi\u00f3n de Salud y Asistencia Social; el regidor Jes\u00fas Antonio D\u00f3rame Acevedo, vocal de la Comisi\u00f3n de Salud y Asistencia Social; las regidoras Alma Ivonne Cota Lugo, Mar\u00eda del Pilar Hern\u00e1ndez F\u00e9lix, Reyna Elizabeth Rodr\u00edguez Corral y Rosa Mar\u00eda Barrera Garc\u00eda; los regidores Mario Bernal Guardado, Manuel Aguilar Soto y Manuel Alberto Bogar\u00edn N\u00fa\u00f1ez, as\u00ed como el Secretario del Ayuntamiento Herman Aaron Garc\u00eda Luna.<\/p>\n\n\n\n<p>Tambi\u00e9n, Manuel Sandoval Baz\u00faa, en representaci\u00f3n del director del Sistema Portuario Nacional Guaymas; el Comisario de Seguridad P\u00fablica, Julio C\u00e9sar Cruz Gallegos; el Tesorero Municipal Daniel Apodaca Larrinaga; la directora de DIF Guaymas Alma Delia Guerrero Cornejo y funcionarios .<\/p>\n","protected":false},"excerpt":{"rendered":"<p>Para celebrar la uni\u00f3n familiar y dar inicio a las festividades decembrinas, el Ayuntamiento de Guaymas en coordinaci\u00f3n con el Sistema DIF Guaymas, llev\u00f3 a cabo la inauguraci\u00f3n de La Navidad del Pueblo. Como arranque de las actividades, se realiz\u00f3 el tradicional desfile navide\u00f1o con la participaci\u00f3n de 50 contingentes entre escuelas, empresas, organizaciones, grupos [&hellip;]<\/p>\n","protected":false},"author":2,"featured_media":1566,"comment_status":"closed","ping_status":"open","sticky":false,"template":"","format":"standard","meta":{"_jetpack_memberships_contains_paid_content":false,"footnotes":""},"categories":[29,23],"tags":[27,45,5,43,118],"class_list":["post-1562","post","type-post","status-publish","format-standard","has-post-thumbnail","hentry","category-dif","category-presidencia","tag-ayuntamiento","tag-ayuntamiento-de-guaymas","tag-guaymas","tag-karla-cordova","tag-la-navidad-del-pueblo"],"jetpack_featured_media_url":"https:\/\/guaymas.gob.mx\/boletin\/wp-content\/uploads\/2025\/12\/Diseno-sin-titulo-50.jpg","jetpack_sharing_enabled":true,"_links":{"self":[{"href":"https:\/\/guaymas.gob.mx\/boletin\/wp-json\/wp\/v2\/posts\/1562","targetHints":{"allow":["GET"]}}],"collection":[{"href":"https:\/\/guaymas.gob.mx\/boletin\/wp-json\/wp\/v2\/posts"}],"about":[{"href":"https:\/\/guaymas.gob.mx\/boletin\/wp-json\/wp\/v2\/types\/post"}],"author":[{"embeddable":true,"href":"https:\/\/guaymas.gob.mx\/boletin\/wp-json\/wp\/v2\/users\/2"}],"replies":[{"embeddable":true,"href":"https:\/\/guaymas.gob.mx\/boletin\/wp-json\/wp\/v2\/comments?post=1562"}],"version-history":[{"count":1,"href":"https:\/\/guaymas.gob.mx\/boletin\/wp-json\/wp\/v2\/posts\/1562\/revisions"}],"predecessor-version":[{"id":1567,"href":"https:\/\/guaymas.gob.mx\/boletin\/wp-json\/wp\/v2\/posts\/1562\/revisions\/1567"}],"wp:featuredmedia":[{"embeddable":true,"href":"https:\/\/guaymas.gob.mx\/boletin\/wp-json\/wp\/v2\/media\/1566"}],"wp:attachment":[{"href":"https:\/\/guaymas.gob.mx\/boletin\/wp-json\/wp\/v2\/media?parent=1562"}],"wp:term":[{"taxonomy":"category","embeddable":true,"href":"https:\/\/guaymas.gob.mx\/boletin\/wp-json\/wp\/v2\/categories?post=1562"},{"taxonomy":"post_tag","embeddable":true,"href":"https:\/\/guaymas.gob.mx\/boletin\/wp-json\/wp\/v2\/tags?post=1562"}],"curies":[{"name":"wp","href":"https:\/\/api.w.org\/{rel}","templated":true}]}}